{"id":8320,"date":"2019-05-27T07:13:48","date_gmt":"2019-05-27T07:13:48","guid":{"rendered":"http:\/\/www.rothgygax.ch\/?p=8320"},"modified":"2019-05-27T07:32:10","modified_gmt":"2019-05-27T07:32:10","slug":"assurance-protection-juridique-de-protekta-nouveautes-dans-notre-contrat-cadre","status":"publish","type":"post","link":"https:\/\/www.rothgygax.ch\/fr\/assurance-protection-juridique-de-protekta-nouveautes-dans-notre-contrat-cadre\/","title":{"rendered":"Assurance protection juridique de Protekta: Nouveaut\u00e9s dans notre contrat-cadre"},"content":{"rendered":"<p>En mati\u00e8re d\u2019assurance de protection juridique, nous avons conclu deux contrats-cadres avantageux avec Protekta et AXA ARAG. Dans ce domaine en rapide \u00e9volution, nous attachons toujours une grande importance \u00e0 l\u2019adaptation constante des conditions ainsi que de la couverture aux nouvelles circonstances. Nous sommes heureux de d\u00e9sormais \u00eatre en mesure de proposer les nouveaut\u00e9s suivantes dans notre produit commun avec Protekta:<\/p>\n<ul>\n<li>Augmentation de la somme assur\u00e9e de 500 000 \u00e0 1 million<\/li>\n<li>Extension de la couverture g\u00e9ographique<\/li>\n<li>Inclusion de domaines juridiques suppl\u00e9mentaires dans l&rsquo;assurance compl\u00e9mentaire Protection Juridique Plus<\/li>\n<\/ul>\n<p>Les clients existants b\u00e9n\u00e9ficient imm\u00e9diatement et automatiquement de ces nouveaut\u00e9s. La nouvelle police d&rsquo;assurance vous sera envoy\u00e9e avec votre prochaine facture de prime.<\/p>\n","protected":false},"excerpt":{"rendered":"<p>En mati\u00e8re d\u2019assurance de protection juridique, nous avons conclu deux contrats-cadres avantageux avec Protekta et AXA ARAG. Dans ce domaine en rapide \u00e9volution, nous attachons toujours une grande importance \u00e0&#8230;<\/p>\n","protected":false},"author":3,"featured_media":8324,"comment_status":"closed","ping_status":"open","sticky":false,"template":"","format":"standard","meta":{"_acf_changed":false,"footnotes":""},"categories":[126],"tags":[],"class_list":["post-8320","post","type-post","status-publish","format-standard","has-post-thumbnail","hentry","category-protection-juridique"],"acf":[],"yoast_head":"<!-- This site is optimized with the Yoast SEO Premium plugin v27.3 (Yoast SEO v27.3) - https:\/\/yoast.com\/product\/yoast-seo-premium-wordpress\/ -->\n<title>Assurance protection juridique de Protekta: Nouveaut\u00e9s dans notre contrat-cadre - rothgygax<\/title>\n<meta name=\"robots\" content=\"index, follow, max-snippet:-1, max-image-preview:large, max-video-preview:-1\" \/>\n<link rel=\"canonical\" href=\"https:\/\/www.rothgygax.ch\/fr\/assurance-protection-juridique-de-protekta-nouveautes-dans-notre-contrat-cadre\/\" \/>\n<meta property=\"og:locale\" content=\"fr_FR\" \/>\n<meta property=\"og:type\" content=\"article\" \/>\n<meta property=\"og:title\" content=\"Assurance protection juridique de Protekta: Nouveaut\u00e9s dans notre contrat-cadre\" \/>\n<meta property=\"og:description\" content=\"En mati\u00e8re d\u2019assurance de protection juridique, nous avons conclu deux contrats-cadres avantageux avec Protekta et AXA ARAG. Dans ce domaine en rapide \u00e9volution, nous attachons toujours une grande importance \u00e0...\" \/>\n<meta property=\"og:url\" content=\"https:\/\/www.rothgygax.ch\/fr\/assurance-protection-juridique-de-protekta-nouveautes-dans-notre-contrat-cadre\/\" \/>\n<meta property=\"og:site_name\" content=\"rothgygax\" \/>\n<meta property=\"article:published_time\" content=\"2019-05-27T07:13:48+00:00\" \/>\n<meta property=\"article:modified_time\" content=\"2019-05-27T07:32:10+00:00\" \/>\n<meta property=\"og:image\" content=\"https:\/\/www.rothgygax.ch\/wp-content\/uploads\/2019\/05\/AdobeStock_196632447-1024x683.jpeg\" \/>\n\t<meta property=\"og:image:width\" content=\"1024\" \/>\n\t<meta property=\"og:image:height\" content=\"683\" \/>\n\t<meta property=\"og:image:type\" content=\"image\/jpeg\" \/>\n<meta name=\"author\" content=\"Roger Ledermann\" \/>\n<meta name=\"twitter:card\" content=\"summary_large_image\" \/>\n<meta name=\"twitter:label1\" content=\"\u00c9crit par\" \/>\n\t<meta name=\"twitter:data1\" content=\"Roger Ledermann\" \/>\n\t<meta name=\"twitter:label2\" content=\"Dur\u00e9e de lecture estim\u00e9e\" \/>\n\t<meta name=\"twitter:data2\" content=\"1 minute\" \/>\n<script type=\"application\/ld+json\" class=\"yoast-schema-graph\">{\"@context\":\"https:\\\/\\\/schema.org\",\"@graph\":[{\"@type\":\"Article\",\"@id\":\"https:\\\/\\\/www.rothgygax.ch\\\/fr\\\/assurance-protection-juridique-de-protekta-nouveautes-dans-notre-contrat-cadre\\\/#article\",\"isPartOf\":{\"@id\":\"https:\\\/\\\/www.rothgygax.ch\\\/fr\\\/assurance-protection-juridique-de-protekta-nouveautes-dans-notre-contrat-cadre\\\/\"},\"author\":{\"name\":\"Roger Ledermann\",\"@id\":\"https:\\\/\\\/www.rothgygax.ch\\\/fr\\\/#\\\/schema\\\/person\\\/09df139e513c6debf849d412486f37f4\"},\"headline\":\"Assurance protection juridique de Protekta: Nouveaut\u00e9s dans notre contrat-cadre\",\"datePublished\":\"2019-05-27T07:13:48+00:00\",\"dateModified\":\"2019-05-27T07:32:10+00:00\",\"mainEntityOfPage\":{\"@id\":\"https:\\\/\\\/www.rothgygax.ch\\\/fr\\\/assurance-protection-juridique-de-protekta-nouveautes-dans-notre-contrat-cadre\\\/\"},\"wordCount\":132,\"image\":{\"@id\":\"https:\\\/\\\/www.rothgygax.ch\\\/fr\\\/assurance-protection-juridique-de-protekta-nouveautes-dans-notre-contrat-cadre\\\/#primaryimage\"},\"thumbnailUrl\":\"https:\\\/\\\/www.rothgygax.ch\\\/wp-content\\\/uploads\\\/2019\\\/05\\\/AdobeStock_196632447.jpeg\",\"articleSection\":[\"Protection juridique\"],\"inLanguage\":\"fr-FR\"},{\"@type\":\"WebPage\",\"@id\":\"https:\\\/\\\/www.rothgygax.ch\\\/fr\\\/assurance-protection-juridique-de-protekta-nouveautes-dans-notre-contrat-cadre\\\/\",\"url\":\"https:\\\/\\\/www.rothgygax.ch\\\/fr\\\/assurance-protection-juridique-de-protekta-nouveautes-dans-notre-contrat-cadre\\\/\",\"name\":\"Assurance protection juridique de Protekta: Nouveaut\u00e9s dans notre contrat-cadre - rothgygax\",\"isPartOf\":{\"@id\":\"https:\\\/\\\/www.rothgygax.ch\\\/fr\\\/#website\"},\"primaryImageOfPage\":{\"@id\":\"https:\\\/\\\/www.rothgygax.ch\\\/fr\\\/assurance-protection-juridique-de-protekta-nouveautes-dans-notre-contrat-cadre\\\/#primaryimage\"},\"image\":{\"@id\":\"https:\\\/\\\/www.rothgygax.ch\\\/fr\\\/assurance-protection-juridique-de-protekta-nouveautes-dans-notre-contrat-cadre\\\/#primaryimage\"},\"thumbnailUrl\":\"https:\\\/\\\/www.rothgygax.ch\\\/wp-content\\\/uploads\\\/2019\\\/05\\\/AdobeStock_196632447.jpeg\",\"datePublished\":\"2019-05-27T07:13:48+00:00\",\"dateModified\":\"2019-05-27T07:32:10+00:00\",\"author\":{\"@id\":\"https:\\\/\\\/www.rothgygax.ch\\\/fr\\\/#\\\/schema\\\/person\\\/09df139e513c6debf849d412486f37f4\"},\"breadcrumb\":{\"@id\":\"https:\\\/\\\/www.rothgygax.ch\\\/fr\\\/assurance-protection-juridique-de-protekta-nouveautes-dans-notre-contrat-cadre\\\/#breadcrumb\"},\"inLanguage\":\"fr-FR\",\"potentialAction\":[{\"@type\":\"ReadAction\",\"target\":[\"https:\\\/\\\/www.rothgygax.ch\\\/fr\\\/assurance-protection-juridique-de-protekta-nouveautes-dans-notre-contrat-cadre\\\/\"]}]},{\"@type\":\"ImageObject\",\"inLanguage\":\"fr-FR\",\"@id\":\"https:\\\/\\\/www.rothgygax.ch\\\/fr\\\/assurance-protection-juridique-de-protekta-nouveautes-dans-notre-contrat-cadre\\\/#primaryimage\",\"url\":\"https:\\\/\\\/www.rothgygax.ch\\\/wp-content\\\/uploads\\\/2019\\\/05\\\/AdobeStock_196632447.jpeg\",\"contentUrl\":\"https:\\\/\\\/www.rothgygax.ch\\\/wp-content\\\/uploads\\\/2019\\\/05\\\/AdobeStock_196632447.jpeg\",\"width\":4896,\"height\":3264,\"caption\":\"Businessman and Male lawyer or judge consult having team meeting with client, Law and Legal services concept.\"},{\"@type\":\"BreadcrumbList\",\"@id\":\"https:\\\/\\\/www.rothgygax.ch\\\/fr\\\/assurance-protection-juridique-de-protekta-nouveautes-dans-notre-contrat-cadre\\\/#breadcrumb\",\"itemListElement\":[{\"@type\":\"ListItem\",\"position\":1,\"name\":\"Startseite\",\"item\":\"https:\\\/\\\/www.rothgygax.ch\\\/fr\\\/\"},{\"@type\":\"ListItem\",\"position\":2,\"name\":\"Assurance protection juridique de Protekta: Nouveaut\u00e9s dans notre contrat-cadre\"}]},{\"@type\":\"WebSite\",\"@id\":\"https:\\\/\\\/www.rothgygax.ch\\\/fr\\\/#website\",\"url\":\"https:\\\/\\\/www.rothgygax.ch\\\/fr\\\/\",\"name\":\"rothgygax\",\"description\":\"Just another WordPress site\",\"potentialAction\":[{\"@type\":\"SearchAction\",\"target\":{\"@type\":\"EntryPoint\",\"urlTemplate\":\"https:\\\/\\\/www.rothgygax.ch\\\/fr\\\/?s={search_term_string}\"},\"query-input\":{\"@type\":\"PropertyValueSpecification\",\"valueRequired\":true,\"valueName\":\"search_term_string\"}}],\"inLanguage\":\"fr-FR\"},{\"@type\":\"Person\",\"@id\":\"https:\\\/\\\/www.rothgygax.ch\\\/fr\\\/#\\\/schema\\\/person\\\/09df139e513c6debf849d412486f37f4\",\"name\":\"Roger Ledermann\",\"url\":\"https:\\\/\\\/www.rothgygax.ch\\\/fr\\\/author\\\/rothadmin\\\/\"}]}<\/script>\n<!-- \/ Yoast SEO Premium plugin. -->","yoast_head_json":{"title":"Assurance protection juridique de Protekta: Nouveaut\u00e9s dans notre contrat-cadre - rothgygax","robots":{"index":"index","follow":"follow","max-snippet":"max-snippet:-1","max-image-preview":"max-image-preview:large","max-video-preview":"max-video-preview:-1"},"canonical":"https:\/\/www.rothgygax.ch\/fr\/assurance-protection-juridique-de-protekta-nouveautes-dans-notre-contrat-cadre\/","og_locale":"fr_FR","og_type":"article","og_title":"Assurance protection juridique de Protekta: Nouveaut\u00e9s dans notre contrat-cadre","og_description":"En mati\u00e8re d\u2019assurance de protection juridique, nous avons conclu deux contrats-cadres avantageux avec Protekta et AXA ARAG. Dans ce domaine en rapide \u00e9volution, nous attachons toujours une grande importance \u00e0...","og_url":"https:\/\/www.rothgygax.ch\/fr\/assurance-protection-juridique-de-protekta-nouveautes-dans-notre-contrat-cadre\/","og_site_name":"rothgygax","article_published_time":"2019-05-27T07:13:48+00:00","article_modified_time":"2019-05-27T07:32:10+00:00","og_image":[{"width":1024,"height":683,"url":"https:\/\/www.rothgygax.ch\/wp-content\/uploads\/2019\/05\/AdobeStock_196632447-1024x683.jpeg","type":"image\/jpeg"}],"author":"Roger Ledermann","twitter_card":"summary_large_image","twitter_misc":{"\u00c9crit par":"Roger Ledermann","Dur\u00e9e de lecture estim\u00e9e":"1 minute"},"schema":{"@context":"https:\/\/schema.org","@graph":[{"@type":"Article","@id":"https:\/\/www.rothgygax.ch\/fr\/assurance-protection-juridique-de-protekta-nouveautes-dans-notre-contrat-cadre\/#article","isPartOf":{"@id":"https:\/\/www.rothgygax.ch\/fr\/assurance-protection-juridique-de-protekta-nouveautes-dans-notre-contrat-cadre\/"},"author":{"name":"Roger Ledermann","@id":"https:\/\/www.rothgygax.ch\/fr\/#\/schema\/person\/09df139e513c6debf849d412486f37f4"},"headline":"Assurance protection juridique de Protekta: Nouveaut\u00e9s dans notre contrat-cadre","datePublished":"2019-05-27T07:13:48+00:00","dateModified":"2019-05-27T07:32:10+00:00","mainEntityOfPage":{"@id":"https:\/\/www.rothgygax.ch\/fr\/assurance-protection-juridique-de-protekta-nouveautes-dans-notre-contrat-cadre\/"},"wordCount":132,"image":{"@id":"https:\/\/www.rothgygax.ch\/fr\/assurance-protection-juridique-de-protekta-nouveautes-dans-notre-contrat-cadre\/#primaryimage"},"thumbnailUrl":"https:\/\/www.rothgygax.ch\/wp-content\/uploads\/2019\/05\/AdobeStock_196632447.jpeg","articleSection":["Protection juridique"],"inLanguage":"fr-FR"},{"@type":"WebPage","@id":"https:\/\/www.rothgygax.ch\/fr\/assurance-protection-juridique-de-protekta-nouveautes-dans-notre-contrat-cadre\/","url":"https:\/\/www.rothgygax.ch\/fr\/assurance-protection-juridique-de-protekta-nouveautes-dans-notre-contrat-cadre\/","name":"Assurance protection juridique de Protekta: Nouveaut\u00e9s dans notre contrat-cadre - rothgygax","isPartOf":{"@id":"https:\/\/www.rothgygax.ch\/fr\/#website"},"primaryImageOfPage":{"@id":"https:\/\/www.rothgygax.ch\/fr\/assurance-protection-juridique-de-protekta-nouveautes-dans-notre-contrat-cadre\/#primaryimage"},"image":{"@id":"https:\/\/www.rothgygax.ch\/fr\/assurance-protection-juridique-de-protekta-nouveautes-dans-notre-contrat-cadre\/#primaryimage"},"thumbnailUrl":"https:\/\/www.rothgygax.ch\/wp-content\/uploads\/2019\/05\/AdobeStock_196632447.jpeg","datePublished":"2019-05-27T07:13:48+00:00","dateModified":"2019-05-27T07:32:10+00:00","author":{"@id":"https:\/\/www.rothgygax.ch\/fr\/#\/schema\/person\/09df139e513c6debf849d412486f37f4"},"breadcrumb":{"@id":"https:\/\/www.rothgygax.ch\/fr\/assurance-protection-juridique-de-protekta-nouveautes-dans-notre-contrat-cadre\/#breadcrumb"},"inLanguage":"fr-FR","potentialAction":[{"@type":"ReadAction","target":["https:\/\/www.rothgygax.ch\/fr\/assurance-protection-juridique-de-protekta-nouveautes-dans-notre-contrat-cadre\/"]}]},{"@type":"ImageObject","inLanguage":"fr-FR","@id":"https:\/\/www.rothgygax.ch\/fr\/assurance-protection-juridique-de-protekta-nouveautes-dans-notre-contrat-cadre\/#primaryimage","url":"https:\/\/www.rothgygax.ch\/wp-content\/uploads\/2019\/05\/AdobeStock_196632447.jpeg","contentUrl":"https:\/\/www.rothgygax.ch\/wp-content\/uploads\/2019\/05\/AdobeStock_196632447.jpeg","width":4896,"height":3264,"caption":"Businessman and Male lawyer or judge consult having team meeting with client, Law and Legal services concept."},{"@type":"BreadcrumbList","@id":"https:\/\/www.rothgygax.ch\/fr\/assurance-protection-juridique-de-protekta-nouveautes-dans-notre-contrat-cadre\/#breadcrumb","itemListElement":[{"@type":"ListItem","position":1,"name":"Startseite","item":"https:\/\/www.rothgygax.ch\/fr\/"},{"@type":"ListItem","position":2,"name":"Assurance protection juridique de Protekta: Nouveaut\u00e9s dans notre contrat-cadre"}]},{"@type":"WebSite","@id":"https:\/\/www.rothgygax.ch\/fr\/#website","url":"https:\/\/www.rothgygax.ch\/fr\/","name":"rothgygax","description":"Just another WordPress site","potentialAction":[{"@type":"SearchAction","target":{"@type":"EntryPoint","urlTemplate":"https:\/\/www.rothgygax.ch\/fr\/?s={search_term_string}"},"query-input":{"@type":"PropertyValueSpecification","valueRequired":true,"valueName":"search_term_string"}}],"inLanguage":"fr-FR"},{"@type":"Person","@id":"https:\/\/www.rothgygax.ch\/fr\/#\/schema\/person\/09df139e513c6debf849d412486f37f4","name":"Roger Ledermann","url":"https:\/\/www.rothgygax.ch\/fr\/author\/rothadmin\/"}]}},"_links":{"self":[{"href":"https:\/\/www.rothgygax.ch\/fr\/wp-json\/wp\/v2\/posts\/8320","targetHints":{"allow":["GET"]}}],"collection":[{"href":"https:\/\/www.rothgygax.ch\/fr\/wp-json\/wp\/v2\/posts"}],"about":[{"href":"https:\/\/www.rothgygax.ch\/fr\/wp-json\/wp\/v2\/types\/post"}],"author":[{"embeddable":true,"href":"https:\/\/www.rothgygax.ch\/fr\/wp-json\/wp\/v2\/users\/3"}],"replies":[{"embeddable":true,"href":"https:\/\/www.rothgygax.ch\/fr\/wp-json\/wp\/v2\/comments?post=8320"}],"version-history":[{"count":1,"href":"https:\/\/www.rothgygax.ch\/fr\/wp-json\/wp\/v2\/posts\/8320\/revisions"}],"predecessor-version":[{"id":8322,"href":"https:\/\/www.rothgygax.ch\/fr\/wp-json\/wp\/v2\/posts\/8320\/revisions\/8322"}],"wp:featuredmedia":[{"embeddable":true,"href":"https:\/\/www.rothgygax.ch\/fr\/wp-json\/wp\/v2\/media\/8324"}],"wp:attachment":[{"href":"https:\/\/www.rothgygax.ch\/fr\/wp-json\/wp\/v2\/media?parent=8320"}],"wp:term":[{"taxonomy":"category","embeddable":true,"href":"https:\/\/www.rothgygax.ch\/fr\/wp-json\/wp\/v2\/categories?post=8320"},{"taxonomy":"post_tag","embeddable":true,"href":"https:\/\/www.rothgygax.ch\/fr\/wp-json\/wp\/v2\/tags?post=8320"}],"curies":[{"name":"wp","href":"https:\/\/api.w.org\/{rel}","templated":true}]}}