{"id":8040,"date":"2019-02-27T08:47:18","date_gmt":"2019-02-27T08:47:18","guid":{"rendered":"http:\/\/www.rothgygax.ch\/?p=8040\/"},"modified":"2019-12-12T16:15:10","modified_gmt":"2019-12-12T16:15:10","slug":"retraite-flexible-possibilites-de-choix-de-rente-avs-et-lpp","status":"publish","type":"post","link":"https:\/\/www.rothgygax.ch\/fr\/retraite-flexible-possibilites-de-choix-de-rente-avs-et-lpp\/","title":{"rendered":"Retraite flexible &#8211; Possibilit\u00e9s de choix de rente AVS et LPP"},"content":{"rendered":"<p>L&rsquo;\u00e2ge de la retraite est un sujet de d\u00e9bat en politique. Alors que certains groupes trouvent que l&rsquo;\u00e2ge de 64 ans pour les femmes et 65 ans pour les hommes est trop faible, d&rsquo;autres ne veulent pas se br\u00fbler les doigts ou pensent que c\u2019est tr\u00e8s bien comme \u00e7a. Le fait est que, m\u00eame si cet \u00e2ge est pertinent pour de nombreux calculs de s\u00e9curit\u00e9 sociale, la population d\u00e9termine en r\u00e9alit\u00e9 de mani\u00e8re individuelle la date pour entamer leur troisi\u00e8me phase de vie. C&rsquo;est pourquoi cet article examine les diff\u00e9rentes fa\u00e7ons d&rsquo;obtenir des prestations de vieillesse du premier et deuxi\u00e8me pilier.<\/p>\n<h3>AVS \u2013 1er pilier<\/h3>\n<p>L\u2019AVS offre \u00e0 la fois la possibilit\u00e9 d\u2019avancer et de diff\u00e9rer le versement de la pension. Un versement anticip\u00e9 peut avoir lieu pendant une ann\u00e9e enti\u00e8re ou pendant deux ans (les mois individuels ne sont pas possibles). Si le d\u00e9but de la pension est avanc\u00e9e, la pension de retraite payable \u00e0 vie est r\u00e9duite en pourcentage:<\/p>\n<table>\n<tbody>\n<tr>\n<td width=\"106\"><strong>Versement anticip\u00e9<\/strong><\/td>\n<td width=\"106\"><strong>R\u00e9duction<\/strong><\/td>\n<td width=\"106\"><strong>Pension AVS min.<\/strong><\/td>\n<td width=\"106\"><strong>Pension AVS max.<\/strong><\/td>\n<\/tr>\n<tr>\n<td width=\"106\">Aucun versement anticip\u00e9<\/td>\n<td width=\"106\">&#8211;<\/td>\n<td width=\"106\">14 100 CHF<\/td>\n<td width=\"106\">28 200 CHF<\/td>\n<\/tr>\n<tr>\n<td width=\"106\">1 an<\/td>\n<td width=\"106\">6,8 %<\/td>\n<td width=\"106\">13 141 CHF<\/td>\n<td width=\"106\">26 282 CHF<\/td>\n<\/tr>\n<tr>\n<td width=\"106\">2 ans<\/td>\n<td width=\"106\">13,6 %<\/td>\n<td width=\"106\">12 182 CHF<\/td>\n<td width=\"106\">24 365 CHF<\/td>\n<\/tr>\n<\/tbody>\n<\/table>\n<p>&nbsp;<\/p>\n<p>Attention: Un versement anticip\u00e9 de la pension de retraite AVS ne vous dispense pas de l&rsquo;obligation de payer des cotisations!<\/p>\n<p>Un ajournement de la pension peut \u00eatre souhait\u00e9 pour au moins un an et au maximum cinq ans. La dur\u00e9e exacte d\u2019ajournement ne doit pas \u00eatre fix\u00e9e \u00e0 l&rsquo;avance. Cela signifie que la pension peut \u00eatre demand\u00e9e librement apr\u00e8s la dur\u00e9e minimum d\u2019ajournement. En fonction de la dur\u00e9e du report, la pension de retraite est augment\u00e9e en pourcentage:<\/p>\n<table>\n<tbody>\n<tr>\n<td width=\"106\"><strong>Report<\/strong><\/td>\n<td width=\"106\"><strong>Majoration<\/strong><\/td>\n<td width=\"106\"><strong>Pension AVS min.<\/strong><\/td>\n<td width=\"106\"><strong>Pension AVS max.<\/strong><\/td>\n<\/tr>\n<tr>\n<td width=\"106\">Aucun report<\/td>\n<td width=\"106\">&#8211;<\/td>\n<td width=\"106\">14 100 CHF<\/td>\n<td width=\"106\">28 200 CHF<\/td>\n<\/tr>\n<tr>\n<td width=\"106\">1 an<\/td>\n<td width=\"106\">5,2 %<\/td>\n<td width=\"106\">14 833 CHF<\/td>\n<td width=\"106\">29 666 CHF<\/td>\n<\/tr>\n<tr>\n<td width=\"106\">2 ans<\/td>\n<td width=\"106\">10,8 %<\/td>\n<td width=\"106\">15 623 CHF<\/td>\n<td width=\"106\">31 246 CHF<\/td>\n<\/tr>\n<tr>\n<td width=\"106\">3 ans<\/td>\n<td width=\"106\">17,1 %<\/td>\n<td width=\"106\">16 511 CHF<\/td>\n<td width=\"106\">33 022 CHF<\/td>\n<\/tr>\n<tr>\n<td width=\"106\">4 ans<\/td>\n<td width=\"106\">24 %<\/td>\n<td width=\"106\">17 484 CHF<\/td>\n<td width=\"106\">34 968 CHF<\/td>\n<\/tr>\n<tr>\n<td width=\"106\">5 ans<\/td>\n<td width=\"106\">31,5 %<\/td>\n<td width=\"106\">18 542 CHF<\/td>\n<td width=\"106\">37 083 CHF<\/td>\n<\/tr>\n<\/tbody>\n<\/table>\n<p>&nbsp;<\/p>\n<h3>LPP &#8211; 2e pilier<\/h3>\n<p>La loi f\u00e9d\u00e9rale sur la pr\u00e9voyance professionnelle (LPP) ne pr\u00e9voit pas de versement anticip\u00e9 ni de report de la pension de retraite. Toutefois, les fonds de pension ont la possibilit\u00e9 de prendre des dispositions dans leurs r\u00e8glements et de pr\u00e9voir un \u00e2ge de retraite flexible compris entre 58 et 70 ans. Les institutions importantes suivantes pour le personnel m\u00e9dical utilisent en cons\u00e9quence cette marge de fluctuation:<\/p>\n<ul>\n<li><a href=\"https:\/\/www.pat-bvg.ch\/\" target=\"_blank\" rel=\"noopener noreferrer\">Fondation de pr\u00e9voyance pour le personnel des m\u00e9decins et v\u00e9t\u00e9rinaires (PAT-BVG)<\/a><\/li>\n<li><a href=\"http:\/\/www.asmac-fondation.ch\/fr\/\" target=\"_blank\" rel=\"noopener noreferrer\">ASMAC Fondation pour ind\u00e9pendants<\/a><\/li>\n<li><a href=\"https:\/\/www.vsmed.ch\/fr\/startseite-fr\/\" target=\"_blank\" rel=\"noopener noreferrer\">Fondation collective VSM pour le personnel m\u00e9dical<\/a><\/li>\n<li><a href=\"http:\/\/www.cpssph.ch\" target=\"_blank\" rel=\"noopener noreferrer\">Caisse de pension de la Soci\u00e9t\u00e9 suisse de Pharmacie (CPSSPh)<\/a><\/li>\n<li><a href=\"http:\/\/www.fondation-asmac.ch\/\" target=\"_blank\" rel=\"noopener noreferrer\">Fondation de pr\u00e9voyance ASMAC<\/a><\/li>\n<\/ul>\n<p>Le montant de la r\u00e9duction de la pension en cas de versement anticip\u00e9 d\u00e9pend du compl\u00e9ment que vous recevez en cas de report de pension et \u00e9galement de la r\u00e9glementation de la fondation. Les fondations conduisent \u00e0 un taux de conversion correspondant \u00e0 chaque \u00e2ge de la retraite. Nous avons illustr\u00e9 deux exemples ci-dessous (valables pour 2019):<\/p>\n<table>\n<tbody>\n<tr>\n<td width=\"106\"><strong>Versement de la rente vieillesse<\/strong><\/td>\n<td width=\"106\"><strong>fondation 1<\/strong><\/td>\n<td width=\"106\"><strong>fondation 2<\/strong><\/td>\n<\/tr>\n<tr>\n<td width=\"106\">58 ans<\/td>\n<td width=\"106\">4.95 %<\/td>\n<td width=\"106\">4.30 %<\/td>\n<\/tr>\n<tr>\n<td width=\"106\">59 ans<\/td>\n<td width=\"106\">5.10 %<\/td>\n<td width=\"106\">4.40 %<\/td>\n<\/tr>\n<tr>\n<td width=\"106\">60 ans<\/td>\n<td width=\"106\">5.25 %<\/td>\n<td width=\"106\">4.50 %<\/td>\n<\/tr>\n<tr>\n<td width=\"106\">61 ans<\/td>\n<td width=\"106\">5.40 %<\/td>\n<td width=\"106\">4.60 %<\/td>\n<\/tr>\n<tr>\n<td width=\"106\">62 ans<\/td>\n<td width=\"106\">5.55 %<\/td>\n<td width=\"106\">4.70 %<\/td>\n<\/tr>\n<tr>\n<td width=\"106\">63 ans<\/td>\n<td width=\"106\">5.70 %<\/td>\n<td width=\"106\">4.80 %<\/td>\n<\/tr>\n<tr>\n<td width=\"106\">64 ans<\/td>\n<td width=\"106\">5.85 %<\/td>\n<td width=\"106\">4.90 %<\/td>\n<\/tr>\n<tr>\n<td width=\"106\">65 ans<\/td>\n<td width=\"106\">6.00 %<\/td>\n<td width=\"106\">5.00 %<\/td>\n<\/tr>\n<tr>\n<td width=\"106\">66 ans<\/td>\n<td width=\"106\">6.15 %<\/td>\n<td width=\"106\">5.20 %<\/td>\n<\/tr>\n<tr>\n<td width=\"106\">67 ans<\/td>\n<td width=\"106\">6.30 %<\/td>\n<td width=\"106\">5.40 %<\/td>\n<\/tr>\n<tr>\n<td width=\"106\">68 ans<\/td>\n<td width=\"106\">6.45 %<\/td>\n<td width=\"106\">5.60 %<\/td>\n<\/tr>\n<tr>\n<td width=\"106\">69 ans<\/td>\n<td width=\"106\">6.60 %<\/td>\n<td width=\"106\">5.80 %<\/td>\n<\/tr>\n<tr>\n<td width=\"106\">70 ans<\/td>\n<td width=\"106\">6.75 %<\/td>\n<td width=\"106\">6.00 %<\/td>\n<\/tr>\n<\/tbody>\n<\/table>\n<p>&nbsp;<\/p>\n<h3>Retraite progressive<\/h3>\n<p>De nombreuses personnes optent \u00e9galement aujourd&rsquo;hui pour une retraite en plusieurs \u00e9tapes. Bien que cela ne soit pas pr\u00e9vu dans l\u2019AVS, la plupart des caisses de pension proposent un versement partiel de la retraite ou du capital en plusieurs \u00e9tapes. Il est important de vous familiariser avec les r\u00e9glementations individuelles de votre propre fond de pension et de prendre en compte les r\u00e9glementations fiscales cantonales. De plus, la date de d\u00e9part \u00e0 la retraite doit \u00eatre pr\u00e9par\u00e9e avec une planification financi\u00e8re \u00e0 long terme afin d\u2019avoir le capital requis \u00e0 ce moment. Enfin, les cons\u00e9quences fiscales doivent \u00e9galement \u00eatre calcul\u00e9es. La mise en r\u00e9seau de tous ces points est notre comp\u00e9tence principale. Par cons\u00e9quent, vous pouvez compter sur nos conseils complets.<\/p>\n","protected":false},"excerpt":{"rendered":"<p>L&rsquo;\u00e2ge de la retraite est un sujet de d\u00e9bat en politique. Alors que certains groupes trouvent que l&rsquo;\u00e2ge de 64 ans pour les femmes et 65 ans pour les hommes&#8230;<\/p>\n","protected":false},"author":3,"featured_media":8038,"comment_status":"closed","ping_status":"closed","sticky":false,"template":"","format":"standard","meta":{"_acf_changed":false,"footnotes":""},"categories":[129,132],"tags":[],"class_list":["post-8040","post","type-post","status-publish","format-standard","has-post-thumbnail","hentry","category-lpp","category-planification-de-la-retraite"],"acf":[],"yoast_head":"<!-- This site is optimized with the Yoast SEO Premium plugin v27.3 (Yoast SEO v27.3) - https:\/\/yoast.com\/product\/yoast-seo-premium-wordpress\/ -->\n<title>Retraite flexible - Possibilit\u00e9s de choix de rente AVS et LPP - rothgygax<\/title>\n<meta name=\"robots\" content=\"index, follow, max-snippet:-1, max-image-preview:large, max-video-preview:-1\" \/>\n<link rel=\"canonical\" href=\"https:\/\/www.rothgygax.ch\/fr\/retraite-flexible-possibilites-de-choix-de-rente-avs-et-lpp\/\" \/>\n<meta property=\"og:locale\" content=\"fr_FR\" \/>\n<meta property=\"og:type\" content=\"article\" \/>\n<meta property=\"og:title\" content=\"Retraite flexible - Possibilit\u00e9s de choix de rente AVS et LPP\" \/>\n<meta property=\"og:description\" content=\"L&rsquo;\u00e2ge de la retraite est un sujet de d\u00e9bat en politique. Alors que certains groupes trouvent que l&rsquo;\u00e2ge de 64 ans pour les femmes et 65 ans pour les hommes...\" \/>\n<meta property=\"og:url\" content=\"https:\/\/www.rothgygax.ch\/fr\/retraite-flexible-possibilites-de-choix-de-rente-avs-et-lpp\/\" \/>\n<meta property=\"og:site_name\" content=\"rothgygax\" \/>\n<meta property=\"article:published_time\" content=\"2019-02-27T08:47:18+00:00\" \/>\n<meta property=\"article:modified_time\" content=\"2019-12-12T16:15:10+00:00\" \/>\n<meta property=\"og:image\" content=\"https:\/\/www.rothgygax.ch\/wp-content\/uploads\/2018\/10\/Fotolia_42110842_XL-1024x663.jpg\" \/>\n\t<meta property=\"og:image:width\" content=\"1024\" \/>\n\t<meta property=\"og:image:height\" content=\"663\" \/>\n\t<meta property=\"og:image:type\" content=\"image\/jpeg\" \/>\n<meta name=\"author\" content=\"Roger Ledermann\" \/>\n<meta name=\"twitter:card\" content=\"summary_large_image\" \/>\n<meta name=\"twitter:label1\" content=\"\u00c9crit par\" \/>\n\t<meta name=\"twitter:data1\" content=\"Roger Ledermann\" \/>\n\t<meta name=\"twitter:label2\" content=\"Dur\u00e9e de lecture estim\u00e9e\" \/>\n\t<meta name=\"twitter:data2\" content=\"3 minutes\" \/>\n<script type=\"application\/ld+json\" class=\"yoast-schema-graph\">{\"@context\":\"https:\\\/\\\/schema.org\",\"@graph\":[{\"@type\":\"Article\",\"@id\":\"https:\\\/\\\/www.rothgygax.ch\\\/fr\\\/retraite-flexible-possibilites-de-choix-de-rente-avs-et-lpp\\\/#article\",\"isPartOf\":{\"@id\":\"https:\\\/\\\/www.rothgygax.ch\\\/fr\\\/retraite-flexible-possibilites-de-choix-de-rente-avs-et-lpp\\\/\"},\"author\":{\"name\":\"Roger Ledermann\",\"@id\":\"https:\\\/\\\/www.rothgygax.ch\\\/fr\\\/#\\\/schema\\\/person\\\/09df139e513c6debf849d412486f37f4\"},\"headline\":\"Retraite flexible &#8211; Possibilit\u00e9s de choix de rente AVS et LPP\",\"datePublished\":\"2019-02-27T08:47:18+00:00\",\"dateModified\":\"2019-12-12T16:15:10+00:00\",\"mainEntityOfPage\":{\"@id\":\"https:\\\/\\\/www.rothgygax.ch\\\/fr\\\/retraite-flexible-possibilites-de-choix-de-rente-avs-et-lpp\\\/\"},\"wordCount\":668,\"image\":{\"@id\":\"https:\\\/\\\/www.rothgygax.ch\\\/fr\\\/retraite-flexible-possibilites-de-choix-de-rente-avs-et-lpp\\\/#primaryimage\"},\"thumbnailUrl\":\"https:\\\/\\\/www.rothgygax.ch\\\/wp-content\\\/uploads\\\/2018\\\/10\\\/Fotolia_42110842_XL.jpg\",\"articleSection\":[\"LPP\",\"Planification de la retraite\"],\"inLanguage\":\"fr-FR\"},{\"@type\":\"WebPage\",\"@id\":\"https:\\\/\\\/www.rothgygax.ch\\\/fr\\\/retraite-flexible-possibilites-de-choix-de-rente-avs-et-lpp\\\/\",\"url\":\"https:\\\/\\\/www.rothgygax.ch\\\/fr\\\/retraite-flexible-possibilites-de-choix-de-rente-avs-et-lpp\\\/\",\"name\":\"Retraite flexible - Possibilit\u00e9s de choix de rente AVS et LPP - rothgygax\",\"isPartOf\":{\"@id\":\"https:\\\/\\\/www.rothgygax.ch\\\/fr\\\/#website\"},\"primaryImageOfPage\":{\"@id\":\"https:\\\/\\\/www.rothgygax.ch\\\/fr\\\/retraite-flexible-possibilites-de-choix-de-rente-avs-et-lpp\\\/#primaryimage\"},\"image\":{\"@id\":\"https:\\\/\\\/www.rothgygax.ch\\\/fr\\\/retraite-flexible-possibilites-de-choix-de-rente-avs-et-lpp\\\/#primaryimage\"},\"thumbnailUrl\":\"https:\\\/\\\/www.rothgygax.ch\\\/wp-content\\\/uploads\\\/2018\\\/10\\\/Fotolia_42110842_XL.jpg\",\"datePublished\":\"2019-02-27T08:47:18+00:00\",\"dateModified\":\"2019-12-12T16:15:10+00:00\",\"author\":{\"@id\":\"https:\\\/\\\/www.rothgygax.ch\\\/fr\\\/#\\\/schema\\\/person\\\/09df139e513c6debf849d412486f37f4\"},\"breadcrumb\":{\"@id\":\"https:\\\/\\\/www.rothgygax.ch\\\/fr\\\/retraite-flexible-possibilites-de-choix-de-rente-avs-et-lpp\\\/#breadcrumb\"},\"inLanguage\":\"fr-FR\",\"potentialAction\":[{\"@type\":\"ReadAction\",\"target\":[\"https:\\\/\\\/www.rothgygax.ch\\\/fr\\\/retraite-flexible-possibilites-de-choix-de-rente-avs-et-lpp\\\/\"]}]},{\"@type\":\"ImageObject\",\"inLanguage\":\"fr-FR\",\"@id\":\"https:\\\/\\\/www.rothgygax.ch\\\/fr\\\/retraite-flexible-possibilites-de-choix-de-rente-avs-et-lpp\\\/#primaryimage\",\"url\":\"https:\\\/\\\/www.rothgygax.ch\\\/wp-content\\\/uploads\\\/2018\\\/10\\\/Fotolia_42110842_XL.jpg\",\"contentUrl\":\"https:\\\/\\\/www.rothgygax.ch\\\/wp-content\\\/uploads\\\/2018\\\/10\\\/Fotolia_42110842_XL.jpg\",\"width\":3470,\"height\":2248,\"caption\":\"Flexible Pensionierung\"},{\"@type\":\"BreadcrumbList\",\"@id\":\"https:\\\/\\\/www.rothgygax.ch\\\/fr\\\/retraite-flexible-possibilites-de-choix-de-rente-avs-et-lpp\\\/#breadcrumb\",\"itemListElement\":[{\"@type\":\"ListItem\",\"position\":1,\"name\":\"Startseite\",\"item\":\"https:\\\/\\\/www.rothgygax.ch\\\/fr\\\/\"},{\"@type\":\"ListItem\",\"position\":2,\"name\":\"Retraite flexible &#8211; Possibilit\u00e9s de choix de rente AVS et LPP\"}]},{\"@type\":\"WebSite\",\"@id\":\"https:\\\/\\\/www.rothgygax.ch\\\/fr\\\/#website\",\"url\":\"https:\\\/\\\/www.rothgygax.ch\\\/fr\\\/\",\"name\":\"rothgygax\",\"description\":\"Just another WordPress site\",\"potentialAction\":[{\"@type\":\"SearchAction\",\"target\":{\"@type\":\"EntryPoint\",\"urlTemplate\":\"https:\\\/\\\/www.rothgygax.ch\\\/fr\\\/?s={search_term_string}\"},\"query-input\":{\"@type\":\"PropertyValueSpecification\",\"valueRequired\":true,\"valueName\":\"search_term_string\"}}],\"inLanguage\":\"fr-FR\"},{\"@type\":\"Person\",\"@id\":\"https:\\\/\\\/www.rothgygax.ch\\\/fr\\\/#\\\/schema\\\/person\\\/09df139e513c6debf849d412486f37f4\",\"name\":\"Roger Ledermann\",\"url\":\"https:\\\/\\\/www.rothgygax.ch\\\/fr\\\/author\\\/rothadmin\\\/\"}]}<\/script>\n<!-- \/ Yoast SEO Premium plugin. -->","yoast_head_json":{"title":"Retraite flexible - Possibilit\u00e9s de choix de rente AVS et LPP - rothgygax","robots":{"index":"index","follow":"follow","max-snippet":"max-snippet:-1","max-image-preview":"max-image-preview:large","max-video-preview":"max-video-preview:-1"},"canonical":"https:\/\/www.rothgygax.ch\/fr\/retraite-flexible-possibilites-de-choix-de-rente-avs-et-lpp\/","og_locale":"fr_FR","og_type":"article","og_title":"Retraite flexible - Possibilit\u00e9s de choix de rente AVS et LPP","og_description":"L&rsquo;\u00e2ge de la retraite est un sujet de d\u00e9bat en politique. Alors que certains groupes trouvent que l&rsquo;\u00e2ge de 64 ans pour les femmes et 65 ans pour les hommes...","og_url":"https:\/\/www.rothgygax.ch\/fr\/retraite-flexible-possibilites-de-choix-de-rente-avs-et-lpp\/","og_site_name":"rothgygax","article_published_time":"2019-02-27T08:47:18+00:00","article_modified_time":"2019-12-12T16:15:10+00:00","og_image":[{"width":1024,"height":663,"url":"https:\/\/www.rothgygax.ch\/wp-content\/uploads\/2018\/10\/Fotolia_42110842_XL-1024x663.jpg","type":"image\/jpeg"}],"author":"Roger Ledermann","twitter_card":"summary_large_image","twitter_misc":{"\u00c9crit par":"Roger Ledermann","Dur\u00e9e de lecture estim\u00e9e":"3 minutes"},"schema":{"@context":"https:\/\/schema.org","@graph":[{"@type":"Article","@id":"https:\/\/www.rothgygax.ch\/fr\/retraite-flexible-possibilites-de-choix-de-rente-avs-et-lpp\/#article","isPartOf":{"@id":"https:\/\/www.rothgygax.ch\/fr\/retraite-flexible-possibilites-de-choix-de-rente-avs-et-lpp\/"},"author":{"name":"Roger Ledermann","@id":"https:\/\/www.rothgygax.ch\/fr\/#\/schema\/person\/09df139e513c6debf849d412486f37f4"},"headline":"Retraite flexible &#8211; Possibilit\u00e9s de choix de rente AVS et LPP","datePublished":"2019-02-27T08:47:18+00:00","dateModified":"2019-12-12T16:15:10+00:00","mainEntityOfPage":{"@id":"https:\/\/www.rothgygax.ch\/fr\/retraite-flexible-possibilites-de-choix-de-rente-avs-et-lpp\/"},"wordCount":668,"image":{"@id":"https:\/\/www.rothgygax.ch\/fr\/retraite-flexible-possibilites-de-choix-de-rente-avs-et-lpp\/#primaryimage"},"thumbnailUrl":"https:\/\/www.rothgygax.ch\/wp-content\/uploads\/2018\/10\/Fotolia_42110842_XL.jpg","articleSection":["LPP","Planification de la retraite"],"inLanguage":"fr-FR"},{"@type":"WebPage","@id":"https:\/\/www.rothgygax.ch\/fr\/retraite-flexible-possibilites-de-choix-de-rente-avs-et-lpp\/","url":"https:\/\/www.rothgygax.ch\/fr\/retraite-flexible-possibilites-de-choix-de-rente-avs-et-lpp\/","name":"Retraite flexible - Possibilit\u00e9s de choix de rente AVS et LPP - rothgygax","isPartOf":{"@id":"https:\/\/www.rothgygax.ch\/fr\/#website"},"primaryImageOfPage":{"@id":"https:\/\/www.rothgygax.ch\/fr\/retraite-flexible-possibilites-de-choix-de-rente-avs-et-lpp\/#primaryimage"},"image":{"@id":"https:\/\/www.rothgygax.ch\/fr\/retraite-flexible-possibilites-de-choix-de-rente-avs-et-lpp\/#primaryimage"},"thumbnailUrl":"https:\/\/www.rothgygax.ch\/wp-content\/uploads\/2018\/10\/Fotolia_42110842_XL.jpg","datePublished":"2019-02-27T08:47:18+00:00","dateModified":"2019-12-12T16:15:10+00:00","author":{"@id":"https:\/\/www.rothgygax.ch\/fr\/#\/schema\/person\/09df139e513c6debf849d412486f37f4"},"breadcrumb":{"@id":"https:\/\/www.rothgygax.ch\/fr\/retraite-flexible-possibilites-de-choix-de-rente-avs-et-lpp\/#breadcrumb"},"inLanguage":"fr-FR","potentialAction":[{"@type":"ReadAction","target":["https:\/\/www.rothgygax.ch\/fr\/retraite-flexible-possibilites-de-choix-de-rente-avs-et-lpp\/"]}]},{"@type":"ImageObject","inLanguage":"fr-FR","@id":"https:\/\/www.rothgygax.ch\/fr\/retraite-flexible-possibilites-de-choix-de-rente-avs-et-lpp\/#primaryimage","url":"https:\/\/www.rothgygax.ch\/wp-content\/uploads\/2018\/10\/Fotolia_42110842_XL.jpg","contentUrl":"https:\/\/www.rothgygax.ch\/wp-content\/uploads\/2018\/10\/Fotolia_42110842_XL.jpg","width":3470,"height":2248,"caption":"Flexible Pensionierung"},{"@type":"BreadcrumbList","@id":"https:\/\/www.rothgygax.ch\/fr\/retraite-flexible-possibilites-de-choix-de-rente-avs-et-lpp\/#breadcrumb","itemListElement":[{"@type":"ListItem","position":1,"name":"Startseite","item":"https:\/\/www.rothgygax.ch\/fr\/"},{"@type":"ListItem","position":2,"name":"Retraite flexible &#8211; Possibilit\u00e9s de choix de rente AVS et LPP"}]},{"@type":"WebSite","@id":"https:\/\/www.rothgygax.ch\/fr\/#website","url":"https:\/\/www.rothgygax.ch\/fr\/","name":"rothgygax","description":"Just another WordPress site","potentialAction":[{"@type":"SearchAction","target":{"@type":"EntryPoint","urlTemplate":"https:\/\/www.rothgygax.ch\/fr\/?s={search_term_string}"},"query-input":{"@type":"PropertyValueSpecification","valueRequired":true,"valueName":"search_term_string"}}],"inLanguage":"fr-FR"},{"@type":"Person","@id":"https:\/\/www.rothgygax.ch\/fr\/#\/schema\/person\/09df139e513c6debf849d412486f37f4","name":"Roger Ledermann","url":"https:\/\/www.rothgygax.ch\/fr\/author\/rothadmin\/"}]}},"_links":{"self":[{"href":"https:\/\/www.rothgygax.ch\/fr\/wp-json\/wp\/v2\/posts\/8040","targetHints":{"allow":["GET"]}}],"collection":[{"href":"https:\/\/www.rothgygax.ch\/fr\/wp-json\/wp\/v2\/posts"}],"about":[{"href":"https:\/\/www.rothgygax.ch\/fr\/wp-json\/wp\/v2\/types\/post"}],"author":[{"embeddable":true,"href":"https:\/\/www.rothgygax.ch\/fr\/wp-json\/wp\/v2\/users\/3"}],"replies":[{"embeddable":true,"href":"https:\/\/www.rothgygax.ch\/fr\/wp-json\/wp\/v2\/comments?post=8040"}],"version-history":[{"count":2,"href":"https:\/\/www.rothgygax.ch\/fr\/wp-json\/wp\/v2\/posts\/8040\/revisions"}],"predecessor-version":[{"id":8761,"href":"https:\/\/www.rothgygax.ch\/fr\/wp-json\/wp\/v2\/posts\/8040\/revisions\/8761"}],"wp:featuredmedia":[{"embeddable":true,"href":"https:\/\/www.rothgygax.ch\/fr\/wp-json\/wp\/v2\/media\/8038"}],"wp:attachment":[{"href":"https:\/\/www.rothgygax.ch\/fr\/wp-json\/wp\/v2\/media?parent=8040"}],"wp:term":[{"taxonomy":"category","embeddable":true,"href":"https:\/\/www.rothgygax.ch\/fr\/wp-json\/wp\/v2\/categories?post=8040"},{"taxonomy":"post_tag","embeddable":true,"href":"https:\/\/www.rothgygax.ch\/fr\/wp-json\/wp\/v2\/tags?post=8040"}],"curies":[{"name":"wp","href":"https:\/\/api.w.org\/{rel}","templated":true}]}}