{"id":10707,"date":"2025-07-16T12:36:08","date_gmt":"2025-07-16T12:36:08","guid":{"rendered":"https:\/\/www.rothgygax.ch\/?p=10707"},"modified":"2025-05-16T09:40:07","modified_gmt":"2025-05-16T09:40:07","slug":"caisse-de-pension-pour-les-salaries","status":"publish","type":"post","link":"https:\/\/www.rothgygax.ch\/fr\/caisse-de-pension-pour-les-salaries\/","title":{"rendered":"Caisse de pension pour les salari\u00e9s"},"content":{"rendered":"<p>De toute \u00e9vidence, les r\u00e9visions de la LPP sont difficiles en ce moment. On a le sentiment que, quelle que soit la conception du projet, il n\u2019y a gu\u00e8re de majorit\u00e9s en politique et au sein de la population. La grande complexit\u00e9 du sujet n\u2019aide pas non plus les r\u00e9visions souhait\u00e9es. Certains sont contrari\u00e9s, d\u2019autres s\u2019en r\u00e9jouissent. Cependant, la plupart des intervenants s\u2019entendent sur un point des r\u00e9visions pr\u00e9vues. Il est urgent d\u2019am\u00e9liorer l\u2019assurance des personnes \u00e0 faible revenu et de celles qui travaillent \u00e0 temps partiel. \u00c9tant donn\u00e9 que la LPP est compos\u00e9e d\u2019une partie obligatoire, qui est sp\u00e9cifi\u00e9e par le l\u00e9gislateur, et d\u2019une partie surobligatoire facultative, chaque employeur peut d\u00e9terminer la conception du plan pour ses propres employ\u00e9s au-del\u00e0 du minimum l\u00e9gal. Vous n\u2019avez donc pas besoin d\u2019attendre le l\u00e9gislateur !<\/p>\n<h2>Comment les prestations l\u00e9gales sont-elles calcul\u00e9es ?<\/h2>\n<h3>\u00c9pargne<\/h3>\n<p>Le processus d\u2019\u00e9pargne selon la loi est le suivant :<\/p>\n<table style=\"border-collapse: collapse; width: 100%;\">\n<tbody>\n<tr>\n<td style=\"width: 50%; background-color: #bd0926;\"><span style=\"color: #ffffff;\"><strong>\u00c2ge<\/strong><\/span><\/td>\n<td style=\"width: 50%; background-color: #bd0926;\"><span style=\"color: #ffffff;\"><strong>Taux d&rsquo;\u00e9pargne en %<\/strong><\/span><\/td>\n<\/tr>\n<tr>\n<td style=\"width: 50%;\">25 &#8211; 34 ans<\/td>\n<td style=\"width: 50%;\">7 %<\/td>\n<\/tr>\n<tr>\n<td style=\"width: 50%;\">35 &#8211; 44 ans<\/td>\n<td style=\"width: 50%;\">10 %<\/td>\n<\/tr>\n<tr>\n<td style=\"width: 50%;\">45 &#8211; 54 ans<\/td>\n<td style=\"width: 50%;\">15 %<\/td>\n<\/tr>\n<tr>\n<td style=\"width: 50%;\">55 &#8211; 65 ans<\/td>\n<td style=\"width: 50%;\">18 %<\/td>\n<\/tr>\n<\/tbody>\n<\/table>\n<p>Selon la loi, le salaire int\u00e9gral n\u2019est pas assur\u00e9, mais au maximum 90 720 CHF. La d\u00e9duction dite de coordination de 26 460 CHF en est d\u00e9duite. Par exemple, avec un salaire de 45 000 CHF, seulement 18 540 CHF sont assur\u00e9s.<\/p>\n<h3>Prestations de risque<\/h3>\n<p>Les prestations de risque assur\u00e9 sont bas\u00e9es sur le montant de la pension d\u2019invalidit\u00e9. Par cons\u00e9quent, le mode de calcul de la pension d\u2019invalidit\u00e9 est essentiel. Il fonctionne de la mani\u00e8re suivante : L\u2019avoir de vieillesse disponible en cas d\u2019invalidit\u00e9 et la somme des futures bonifications de vieillesse sans int\u00e9r\u00eats constituent la base. Le taux de conversion l\u00e9gal de 6,8 % actuellement, qui s\u2019applique \u00e0 l\u2019\u00e2ge de 65 ans, est utilis\u00e9 \u00e0 cet effet. Si une personne dispose d\u2019un avoir actuel de 100 000 CHF et que les cotisations jusqu\u2019\u00e0 la retraite s\u2019\u00e9l\u00e8vent \u00e9galement \u00e0 100 000 CHF, il en r\u00e9sulte un avoir imput\u00e9 de 200 000 CHF. Le taux de conversion de 6,8 % est d\u00e9sormais appliqu\u00e9, ce qui permet d\u2019obtenir une pension d\u2019invalidit\u00e9 annuelle de 13 600 CHF.<\/p>\n<p>Un tel plan minimum l\u00e9gal pourrait donner le r\u00e9sultat suivant dans le cabinet d\u2019un m\u00e9decin :<\/p>\n<table style=\"border-collapse: collapse; width: 100%; height: 96px;\">\n<tbody>\n<tr style=\"height: 24px;\">\n<td style=\"width: 14.9592%; height: 24px; background-color: #bd0926;\"><span style=\"color: #ffffff;\"><strong>Personne<\/strong><\/span><\/td>\n<td style=\"width: 7.26301%; height: 24px; background-color: #bd0926;\"><span style=\"color: #ffffff;\"><strong>\u00c2ge<\/strong><\/span><\/td>\n<td style=\"width: 11.1111%; height: 24px; background-color: #bd0926;\"><span style=\"color: #ffffff;\"><strong>Salaire<\/strong><\/span><\/td>\n<td style=\"width: 11.1111%; height: 24px; background-color: #bd0926;\"><span style=\"color: #ffffff;\"><strong>TO<\/strong><\/span><\/td>\n<td style=\"width: 11.1111%; height: 24px; background-color: #bd0926;\"><span style=\"color: #ffffff;\"><strong>PLP<\/strong><\/span><\/td>\n<td style=\"width: 11.1111%; height: 24px; background-color: #bd0926;\"><span style=\"color: #ffffff;\"><strong>Capital<\/strong><\/span><\/td>\n<td style=\"width: 11.1111%; height: 24px; background-color: #bd0926;\"><span style=\"color: #ffffff;\"><strong>Rente d&rsquo;invalidit\u00e9<\/strong><\/span><\/td>\n<td style=\"width: 11.1111%; height: 24px; background-color: #bd0926;\"><span style=\"color: #ffffff;\"><strong>Rente de partenaire<\/strong><\/span><\/td>\n<td style=\"width: 11.1111%; height: 24px; background-color: #bd0926;\"><span style=\"color: #ffffff;\"><strong>Rente d&rsquo;enfant<\/strong><\/span><\/td>\n<\/tr>\n<tr style=\"height: 24px;\">\n<td style=\"width: 14.9592%; height: 24px;\">Personne 1<\/td>\n<td style=\"width: 7.26301%; height: 24px;\">40<\/td>\n<td style=\"width: 11.1111%; height: 24px;\">62&rsquo;000<\/td>\n<td style=\"width: 11.1111%; height: 24px;\">80 %<\/td>\n<td style=\"width: 11.1111%; height: 24px;\">50&rsquo;000<\/td>\n<td style=\"width: 11.1111%; height: 24px;\">251&rsquo;064<\/td>\n<td style=\"width: 11.1111%; height: 24px;\">12&rsquo;620<\/td>\n<td style=\"width: 11.1111%; height: 24px;\">7&rsquo;572<\/td>\n<td style=\"width: 11.1111%; height: 24px;\">2&rsquo;524<\/td>\n<\/tr>\n<tr style=\"height: 24px;\">\n<td style=\"width: 14.9592%; height: 24px;\">Personne 2<\/td>\n<td style=\"width: 7.26301%; height: 24px;\">35<\/td>\n<td style=\"width: 11.1111%; height: 24px;\">45&rsquo;000<\/td>\n<td style=\"width: 11.1111%; height: 24px;\">60 %<\/td>\n<td style=\"width: 11.1111%; height: 24px;\">17&rsquo;000<\/td>\n<td style=\"width: 11.1111%; height: 24px;\">136&rsquo;402<\/td>\n<td style=\"width: 11.1111%; height: 24px;\">6&rsquo;653<\/td>\n<td style=\"width: 11.1111%; height: 24px;\">3&rsquo;992<\/td>\n<td style=\"width: 11.1111%; height: 24px;\">1&rsquo;331<\/td>\n<\/tr>\n<tr style=\"height: 24px;\">\n<td style=\"width: 14.9592%; height: 24px;\">Personne 3<\/td>\n<td style=\"width: 7.26301%; height: 24px;\">25<\/td>\n<td style=\"width: 11.1111%; height: 24px;\">25&rsquo;000<\/td>\n<td style=\"width: 11.1111%; height: 24px;\">40 %<\/td>\n<td style=\"width: 11.1111%; height: 24px;\">0<\/td>\n<td style=\"width: 11.1111%; height: 24px;\">26&rsquo;820<\/td>\n<td style=\"width: 11.1111%; height: 24px;\">1&rsquo;301<\/td>\n<td style=\"width: 11.1111%; height: 24px;\">781<\/td>\n<td style=\"width: 11.1111%; height: 24px;\">260<\/td>\n<\/tr>\n<\/tbody>\n<\/table>\n<p>TO = taux d\u2019occupation<br \/>\nPLP = prestation de libre passage actuellement disponible<br \/>\nCapital = capital de vieillesse existant \u00e0 65 ans<\/p>\n<p>Il est facile de constater que les rentes annuelles \u00e0 verser en cas d\u2019invalidit\u00e9 ou de d\u00e9c\u00e8s sont trop faibles. M\u00eame avec les performances du 1er pilier AVS\/AI (avec la dur\u00e9e totale de cotisation, la rente minimale par an est de 14 700 CHF), l\u2019argent suffira \u00e0 peine \u00e0 vivre. L\u2019avoir \u00e9pargn\u00e9 sera \u00e9galement trop faible \u00e0 la retraite. En outre, il faut \u00e9galement tenir compte du fait que l\u2019inflation n\u2019est compens\u00e9e que dans le premier pilier, ce qui risque d\u2019aggraver encore la situation.<\/p>\n<h2>Comment peut-on am\u00e9liorer la situation ?<\/h2>\n<h3>\u00c9pargne<\/h3>\n<p>Il y a deux possibilit\u00e9s. Au cours du processus d\u2019\u00e9pargne, des pourcentages d\u2019\u00e9pargne suppl\u00e9mentaires peuvent \u00eatre convenus, par exemple +2 % dans chaque cat\u00e9gorie d\u2019\u00e2ge. Toutefois, il est \u00e9galement possible d\u2019omettre la d\u00e9duction de coordination ou de la d\u00e9terminer en pourcentage du temps de travail. Dans ce dernier cas, la d\u00e9duction de coordination serait r\u00e9duite de 26 460 CHF \u00e0 15 876 CHF pour une personne ayant une charge de travail de 60 %.<\/p>\n<p>Les taux d\u2019\u00e9pargne suppl\u00e9mentaires sont g\u00e9n\u00e9ralement divis\u00e9s \u00e0 parts \u00e9gales entre la personne employ\u00e9e et l\u2019employeur. Par exemple, une augmentation des taux d\u2019\u00e9pargne de 2 % entra\u00eene une augmentation des co\u00fbts pour l\u2019employeur et les employ\u00e9s de 1 % chacun. Malheureusement, nous constatons \u00e0 maintes reprises lors de la consultation que les personnes assur\u00e9es ne sont parfois pas tr\u00e8s satisfaites de cette d\u00e9duction salariale accrue et de la baisse du salaire net qui en r\u00e9sulte. Selon une \u00e9tude r\u00e9cemment publi\u00e9e, plus de 50 % des personnes actives ne comptent pas les avoirs LPP dans leur propre patrimoine. Cela explique en partie la r\u00e9action des personnes assur\u00e9es \u00e0 de telles d\u00e9ductions suppl\u00e9mentaires.<\/p>\n<h3>Prestations de risque<\/h3>\n<p>L\u2019optimisation dans le domaine des risques est plus rentable. D\u2019une part, les prestations de risque peuvent \u00eatre d\u00e9termin\u00e9es en pourcentage du salaire AVS. Une pension d\u2019invalidit\u00e9 de 40 % \u00e0 60 % du salaire AVS est populaire. D\u2019autre part, la d\u00e9duction de coordination pour le salaire de risque peut \u00e9galement \u00eatre omise.<\/p>\n<p>Si, dans notre exemple, les taux d\u2019\u00e9pargne devaient \u00eatre augment\u00e9s de 2 % et que la d\u00e9duction de coordination \u00e9tait d\u00e9termin\u00e9e en pourcentage du temps de travail, ou si la pension d\u2019invalidit\u00e9 \u00e9tait d\u00e9termin\u00e9e \u00e0 40 % du salaire AVS pour les prestations de risque et que la d\u00e9duction de coordination \u00e9tait supprim\u00e9e, le r\u00e9sultat serait le suivant :<\/p>\n<table style=\"border-collapse: collapse; width: 100%; height: 96px;\">\n<tbody>\n<tr style=\"height: 24px;\">\n<td style=\"width: 14.9592%; height: 24px; background-color: #bd0926;\"><span style=\"color: #ffffff;\"><strong>Personne<\/strong><\/span><\/td>\n<td style=\"width: 7.26301%; height: 24px; background-color: #bd0926;\"><span style=\"color: #ffffff;\"><strong>\u00c2ge<\/strong><\/span><\/td>\n<td style=\"width: 11.1111%; height: 24px; background-color: #bd0926;\"><span style=\"color: #ffffff;\"><strong>Salaire<\/strong><\/span><\/td>\n<td style=\"width: 11.1111%; height: 24px; background-color: #bd0926;\"><span style=\"color: #ffffff;\"><strong>TO<\/strong><\/span><\/td>\n<td style=\"width: 11.1111%; height: 24px; background-color: #bd0926;\"><span style=\"color: #ffffff;\"><strong>PLP<\/strong><\/span><\/td>\n<td style=\"width: 11.1111%; height: 24px; background-color: #bd0926;\"><span style=\"color: #ffffff;\"><strong>Capital<\/strong><\/span><\/td>\n<td style=\"width: 11.1111%; height: 24px; background-color: #bd0926;\"><span style=\"color: #ffffff;\"><strong>Rente d&rsquo;invalidit\u00e9<\/strong><\/span><\/td>\n<td style=\"width: 11.1111%; height: 24px; background-color: #bd0926;\"><span style=\"color: #ffffff;\"><strong>Rente de partenaire<\/strong><\/span><\/td>\n<td style=\"width: 11.1111%; height: 24px; background-color: #bd0926;\"><span style=\"color: #ffffff;\"><strong>Rente d&rsquo;enfant<\/strong><\/span><\/td>\n<\/tr>\n<tr style=\"height: 24px;\">\n<td style=\"width: 14.9592%; height: 24px;\">Personne 1<\/td>\n<td style=\"width: 7.26301%; height: 24px;\">40<\/td>\n<td style=\"width: 11.1111%; height: 24px;\">62&rsquo;000<\/td>\n<td style=\"width: 11.1111%; height: 24px;\">80 %<\/td>\n<td style=\"width: 11.1111%; height: 24px;\">50&rsquo;000<\/td>\n<td style=\"width: 11.1111%; height: 24px;\">302&rsquo;572<\/td>\n<td style=\"width: 11.1111%; height: 24px;\">24&rsquo;800<\/td>\n<td style=\"width: 11.1111%; height: 24px;\">14&rsquo;880<\/td>\n<td style=\"width: 11.1111%; height: 24px;\">4&rsquo;960<\/td>\n<\/tr>\n<tr style=\"height: 24px;\">\n<td style=\"width: 14.9592%; height: 24px;\">Personne 2<\/td>\n<td style=\"width: 7.26301%; height: 24px;\">35<\/td>\n<td style=\"width: 11.1111%; height: 24px;\">45&rsquo;000<\/td>\n<td style=\"width: 11.1111%; height: 24px;\">60 %<\/td>\n<td style=\"width: 11.1111%; height: 24px;\">17&rsquo;000<\/td>\n<td style=\"width: 11.1111%; height: 24px;\">220&rsquo;686<\/td>\n<td style=\"width: 11.1111%; height: 24px;\">18&rsquo;000<\/td>\n<td style=\"width: 11.1111%; height: 24px;\">10&rsquo;800<\/td>\n<td style=\"width: 11.1111%; height: 24px;\">3&rsquo;600<\/td>\n<\/tr>\n<tr style=\"height: 24px;\">\n<td style=\"width: 14.9592%; height: 24px;\">Personne 3<\/td>\n<td style=\"width: 7.26301%; height: 24px;\">25<\/td>\n<td style=\"width: 11.1111%; height: 24px;\">25&rsquo;000<\/td>\n<td style=\"width: 11.1111%; height: 24px;\">40 %<\/td>\n<td style=\"width: 11.1111%; height: 24px;\">0<\/td>\n<td style=\"width: 11.1111%; height: 24px;\">119&rsquo;911<\/td>\n<td style=\"width: 11.1111%; height: 24px;\">10&rsquo;000<\/td>\n<td style=\"width: 11.1111%; height: 24px;\">6&rsquo;000<\/td>\n<td style=\"width: 11.1111%; height: 24px;\">2&rsquo;000<\/td>\n<\/tr>\n<\/tbody>\n<\/table>\n<p>Les prestations de risque et, dans certains cas, le capital de vieillesse se sont nettement am\u00e9lior\u00e9s. La pension de vieillesse n\u2019a d\u00e9lib\u00e9r\u00e9ment pas \u00e9t\u00e9 mentionn\u00e9e dans le tableau. Les taux de conversion sont en constante \u00e9volution et rendent donc impossible toute pr\u00e9vision s\u00e9rieuse dans notre exemple.<\/p>\n<h2>Combien co\u00fbte cette am\u00e9lioration ?<\/h2>\n<p>Bien entendu, ce point doit \u00e9galement \u00eatre examin\u00e9 en d\u00e9tail. En fonction de la fondation LPP choisie et de la situation initiale individuelle du cabinet m\u00e9dical concern\u00e9, cela peut \u00eatre tr\u00e8s diff\u00e9rent de notre exemple. Par cons\u00e9quent, bien entendu, une consultation individuelle avec les calculs correspondants doit toujours avoir lieu. Cependant, afin de vous donner une id\u00e9e de notre exemple, nous avons calcul\u00e9 une offre concr\u00e8te. Cela ressemblerait \u00e0 ceci :<\/p>\n<table style=\"border-collapse: collapse; width: 100%;\">\n<tbody>\n<tr>\n<td style=\"width: 25%; background-color: #bd0926;\"><span style=\"color: #ffffff;\"><strong>Primes<\/strong><\/span><\/td>\n<td style=\"width: 25%; background-color: #bd0926;\"><span style=\"color: #ffffff;\"><strong>selon loi<\/strong><\/span><\/td>\n<td style=\"width: 25%; background-color: #bd0926;\"><span style=\"color: #ffffff;\"><strong>avec am\u00e9lioration<\/strong><\/span><\/td>\n<td style=\"width: 25%; background-color: #bd0926;\"><span style=\"color: #ffffff;\"><strong>Prime suppl\u00e9mentaire<\/strong><\/span><\/td>\n<\/tr>\n<tr>\n<td style=\"width: 25%;\">Risque<\/td>\n<td style=\"width: 25%;\">256.80<\/td>\n<td style=\"width: 25%;\">637.20<\/td>\n<td style=\"width: 25%;\">380.40<\/td>\n<\/tr>\n<tr>\n<td style=\"width: 25%;\">\u00c9pargne<\/td>\n<td style=\"width: 25%;\">2&rsquo;836.80<\/td>\n<td style=\"width: 25%;\">4&rsquo;845.60<\/td>\n<td style=\"width: 25%;\">2&rsquo;008.80<\/td>\n<\/tr>\n<tr>\n<td style=\"width: 25%;\">Totale<\/td>\n<td style=\"width: 25%;\">3&rsquo;381.60<\/td>\n<td style=\"width: 25%;\">5&rsquo;770.80<\/td>\n<td style=\"width: 25%;\">2&rsquo;389.20<\/td>\n<\/tr>\n<\/tbody>\n<\/table>\n<p>Dans le cas de la variante plut\u00f4t g\u00e9n\u00e9reuse de notre exemple avec les trois personnes employ\u00e9es, la charge suppl\u00e9mentaire mensuelle pour l\u2019employeur serait d\u2019environ 200 CHF au total. Si l\u2019am\u00e9lioration n\u2019\u00e9tait apport\u00e9e qu\u2019en ce qui concerne les prestations de risque, les frais suppl\u00e9mentaires mensuels de l\u2019employeur ne s\u2019\u00e9l\u00e8veraient qu\u2019\u00e0 32 CHF. Le rapport co\u00fbt-avantage est tr\u00e8s attrayant.<\/p>\n<h2>Conclusion<\/h2>\n<p>Si vous \u00eates agac\u00e9 par les discussions interminables de nos politiciens, profitez des possibilit\u00e9s d\u2019optimisation dans votre propre entreprise. Dans le domaine du conseil, nous constatons sans cesse que les possibilit\u00e9s d\u2019am\u00e9lioration sont \u00e9normes, mais qu\u2019elles sont souvent un peu oubli\u00e9es dans une vie quotidienne agit\u00e9e.<\/p>\n","protected":false},"excerpt":{"rendered":"<p>De toute \u00e9vidence, les r\u00e9visions de la LPP sont difficiles en ce moment. On a le sentiment que, quelle que soit la conception du projet, il n\u2019y a gu\u00e8re de&#8230;<\/p>\n","protected":false},"author":3,"featured_media":10666,"comment_status":"closed","ping_status":"open","sticky":false,"template":"","format":"standard","meta":{"_acf_changed":false,"footnotes":""},"categories":[129],"tags":[],"class_list":["post-10707","post","type-post","status-publish","format-standard","has-post-thumbnail","hentry","category-lpp"],"acf":[],"yoast_head":"<!-- This site is optimized with the Yoast SEO Premium plugin v27.3 (Yoast SEO v27.3) - https:\/\/yoast.com\/product\/yoast-seo-premium-wordpress\/ -->\n<title>Caisse de pension pour les salari\u00e9s - rothgygax<\/title>\n<meta name=\"robots\" content=\"index, follow, max-snippet:-1, max-image-preview:large, max-video-preview:-1\" \/>\n<link rel=\"canonical\" href=\"https:\/\/www.rothgygax.ch\/fr\/caisse-de-pension-pour-les-salaries\/\" \/>\n<meta property=\"og:locale\" content=\"fr_FR\" \/>\n<meta property=\"og:type\" content=\"article\" \/>\n<meta property=\"og:title\" content=\"Caisse de pension pour les salari\u00e9s\" \/>\n<meta property=\"og:description\" content=\"De toute \u00e9vidence, les r\u00e9visions de la LPP sont difficiles en ce moment. On a le sentiment que, quelle que soit la conception du projet, il n\u2019y a gu\u00e8re de...\" \/>\n<meta property=\"og:url\" content=\"https:\/\/www.rothgygax.ch\/fr\/caisse-de-pension-pour-les-salaries\/\" \/>\n<meta property=\"og:site_name\" content=\"rothgygax\" \/>\n<meta property=\"article:published_time\" content=\"2025-07-16T12:36:08+00:00\" \/>\n<meta property=\"og:image\" content=\"https:\/\/www.rothgygax.ch\/wp-content\/uploads\/2025\/05\/Bild_aus_Skalpell_7.jpg\" \/>\n\t<meta property=\"og:image:width\" content=\"1200\" \/>\n\t<meta property=\"og:image:height\" content=\"800\" \/>\n\t<meta property=\"og:image:type\" content=\"image\/jpeg\" \/>\n<meta name=\"author\" content=\"Roger Ledermann\" \/>\n<meta name=\"twitter:card\" content=\"summary_large_image\" \/>\n<meta name=\"twitter:label1\" content=\"\u00c9crit par\" \/>\n\t<meta name=\"twitter:data1\" content=\"Roger Ledermann\" \/>\n\t<meta name=\"twitter:label2\" content=\"Dur\u00e9e de lecture estim\u00e9e\" \/>\n\t<meta name=\"twitter:data2\" content=\"7 minutes\" \/>\n<script type=\"application\/ld+json\" class=\"yoast-schema-graph\">{\"@context\":\"https:\\\/\\\/schema.org\",\"@graph\":[{\"@type\":\"Article\",\"@id\":\"https:\\\/\\\/www.rothgygax.ch\\\/fr\\\/caisse-de-pension-pour-les-salaries\\\/#article\",\"isPartOf\":{\"@id\":\"https:\\\/\\\/www.rothgygax.ch\\\/fr\\\/caisse-de-pension-pour-les-salaries\\\/\"},\"author\":{\"name\":\"Roger Ledermann\",\"@id\":\"https:\\\/\\\/www.rothgygax.ch\\\/fr\\\/#\\\/schema\\\/person\\\/09df139e513c6debf849d412486f37f4\"},\"headline\":\"Caisse de pension pour les salari\u00e9s\",\"datePublished\":\"2025-07-16T12:36:08+00:00\",\"mainEntityOfPage\":{\"@id\":\"https:\\\/\\\/www.rothgygax.ch\\\/fr\\\/caisse-de-pension-pour-les-salaries\\\/\"},\"wordCount\":1139,\"image\":{\"@id\":\"https:\\\/\\\/www.rothgygax.ch\\\/fr\\\/caisse-de-pension-pour-les-salaries\\\/#primaryimage\"},\"thumbnailUrl\":\"https:\\\/\\\/www.rothgygax.ch\\\/wp-content\\\/uploads\\\/2025\\\/05\\\/Bild_aus_Skalpell_7.jpg\",\"articleSection\":[\"LPP\"],\"inLanguage\":\"fr-FR\"},{\"@type\":\"WebPage\",\"@id\":\"https:\\\/\\\/www.rothgygax.ch\\\/fr\\\/caisse-de-pension-pour-les-salaries\\\/\",\"url\":\"https:\\\/\\\/www.rothgygax.ch\\\/fr\\\/caisse-de-pension-pour-les-salaries\\\/\",\"name\":\"Caisse de pension pour les salari\u00e9s - rothgygax\",\"isPartOf\":{\"@id\":\"https:\\\/\\\/www.rothgygax.ch\\\/fr\\\/#website\"},\"primaryImageOfPage\":{\"@id\":\"https:\\\/\\\/www.rothgygax.ch\\\/fr\\\/caisse-de-pension-pour-les-salaries\\\/#primaryimage\"},\"image\":{\"@id\":\"https:\\\/\\\/www.rothgygax.ch\\\/fr\\\/caisse-de-pension-pour-les-salaries\\\/#primaryimage\"},\"thumbnailUrl\":\"https:\\\/\\\/www.rothgygax.ch\\\/wp-content\\\/uploads\\\/2025\\\/05\\\/Bild_aus_Skalpell_7.jpg\",\"datePublished\":\"2025-07-16T12:36:08+00:00\",\"author\":{\"@id\":\"https:\\\/\\\/www.rothgygax.ch\\\/fr\\\/#\\\/schema\\\/person\\\/09df139e513c6debf849d412486f37f4\"},\"breadcrumb\":{\"@id\":\"https:\\\/\\\/www.rothgygax.ch\\\/fr\\\/caisse-de-pension-pour-les-salaries\\\/#breadcrumb\"},\"inLanguage\":\"fr-FR\",\"potentialAction\":[{\"@type\":\"ReadAction\",\"target\":[\"https:\\\/\\\/www.rothgygax.ch\\\/fr\\\/caisse-de-pension-pour-les-salaries\\\/\"]}]},{\"@type\":\"ImageObject\",\"inLanguage\":\"fr-FR\",\"@id\":\"https:\\\/\\\/www.rothgygax.ch\\\/fr\\\/caisse-de-pension-pour-les-salaries\\\/#primaryimage\",\"url\":\"https:\\\/\\\/www.rothgygax.ch\\\/wp-content\\\/uploads\\\/2025\\\/05\\\/Bild_aus_Skalpell_7.jpg\",\"contentUrl\":\"https:\\\/\\\/www.rothgygax.ch\\\/wp-content\\\/uploads\\\/2025\\\/05\\\/Bild_aus_Skalpell_7.jpg\",\"width\":1200,\"height\":800,\"caption\":\"Pensionskasse Mitarbeitende\"},{\"@type\":\"BreadcrumbList\",\"@id\":\"https:\\\/\\\/www.rothgygax.ch\\\/fr\\\/caisse-de-pension-pour-les-salaries\\\/#breadcrumb\",\"itemListElement\":[{\"@type\":\"ListItem\",\"position\":1,\"name\":\"Startseite\",\"item\":\"https:\\\/\\\/www.rothgygax.ch\\\/fr\\\/\"},{\"@type\":\"ListItem\",\"position\":2,\"name\":\"Caisse de pension pour les salari\u00e9s\"}]},{\"@type\":\"WebSite\",\"@id\":\"https:\\\/\\\/www.rothgygax.ch\\\/fr\\\/#website\",\"url\":\"https:\\\/\\\/www.rothgygax.ch\\\/fr\\\/\",\"name\":\"rothgygax\",\"description\":\"Just another WordPress site\",\"potentialAction\":[{\"@type\":\"SearchAction\",\"target\":{\"@type\":\"EntryPoint\",\"urlTemplate\":\"https:\\\/\\\/www.rothgygax.ch\\\/fr\\\/?s={search_term_string}\"},\"query-input\":{\"@type\":\"PropertyValueSpecification\",\"valueRequired\":true,\"valueName\":\"search_term_string\"}}],\"inLanguage\":\"fr-FR\"},{\"@type\":\"Person\",\"@id\":\"https:\\\/\\\/www.rothgygax.ch\\\/fr\\\/#\\\/schema\\\/person\\\/09df139e513c6debf849d412486f37f4\",\"name\":\"Roger Ledermann\",\"url\":\"https:\\\/\\\/www.rothgygax.ch\\\/fr\\\/author\\\/rothadmin\\\/\"}]}<\/script>\n<!-- \/ Yoast SEO Premium plugin. -->","yoast_head_json":{"title":"Caisse de pension pour les salari\u00e9s - rothgygax","robots":{"index":"index","follow":"follow","max-snippet":"max-snippet:-1","max-image-preview":"max-image-preview:large","max-video-preview":"max-video-preview:-1"},"canonical":"https:\/\/www.rothgygax.ch\/fr\/caisse-de-pension-pour-les-salaries\/","og_locale":"fr_FR","og_type":"article","og_title":"Caisse de pension pour les salari\u00e9s","og_description":"De toute \u00e9vidence, les r\u00e9visions de la LPP sont difficiles en ce moment. On a le sentiment que, quelle que soit la conception du projet, il n\u2019y a gu\u00e8re de...","og_url":"https:\/\/www.rothgygax.ch\/fr\/caisse-de-pension-pour-les-salaries\/","og_site_name":"rothgygax","article_published_time":"2025-07-16T12:36:08+00:00","og_image":[{"width":1200,"height":800,"url":"https:\/\/www.rothgygax.ch\/wp-content\/uploads\/2025\/05\/Bild_aus_Skalpell_7.jpg","type":"image\/jpeg"}],"author":"Roger Ledermann","twitter_card":"summary_large_image","twitter_misc":{"\u00c9crit par":"Roger Ledermann","Dur\u00e9e de lecture estim\u00e9e":"7 minutes"},"schema":{"@context":"https:\/\/schema.org","@graph":[{"@type":"Article","@id":"https:\/\/www.rothgygax.ch\/fr\/caisse-de-pension-pour-les-salaries\/#article","isPartOf":{"@id":"https:\/\/www.rothgygax.ch\/fr\/caisse-de-pension-pour-les-salaries\/"},"author":{"name":"Roger Ledermann","@id":"https:\/\/www.rothgygax.ch\/fr\/#\/schema\/person\/09df139e513c6debf849d412486f37f4"},"headline":"Caisse de pension pour les salari\u00e9s","datePublished":"2025-07-16T12:36:08+00:00","mainEntityOfPage":{"@id":"https:\/\/www.rothgygax.ch\/fr\/caisse-de-pension-pour-les-salaries\/"},"wordCount":1139,"image":{"@id":"https:\/\/www.rothgygax.ch\/fr\/caisse-de-pension-pour-les-salaries\/#primaryimage"},"thumbnailUrl":"https:\/\/www.rothgygax.ch\/wp-content\/uploads\/2025\/05\/Bild_aus_Skalpell_7.jpg","articleSection":["LPP"],"inLanguage":"fr-FR"},{"@type":"WebPage","@id":"https:\/\/www.rothgygax.ch\/fr\/caisse-de-pension-pour-les-salaries\/","url":"https:\/\/www.rothgygax.ch\/fr\/caisse-de-pension-pour-les-salaries\/","name":"Caisse de pension pour les salari\u00e9s - rothgygax","isPartOf":{"@id":"https:\/\/www.rothgygax.ch\/fr\/#website"},"primaryImageOfPage":{"@id":"https:\/\/www.rothgygax.ch\/fr\/caisse-de-pension-pour-les-salaries\/#primaryimage"},"image":{"@id":"https:\/\/www.rothgygax.ch\/fr\/caisse-de-pension-pour-les-salaries\/#primaryimage"},"thumbnailUrl":"https:\/\/www.rothgygax.ch\/wp-content\/uploads\/2025\/05\/Bild_aus_Skalpell_7.jpg","datePublished":"2025-07-16T12:36:08+00:00","author":{"@id":"https:\/\/www.rothgygax.ch\/fr\/#\/schema\/person\/09df139e513c6debf849d412486f37f4"},"breadcrumb":{"@id":"https:\/\/www.rothgygax.ch\/fr\/caisse-de-pension-pour-les-salaries\/#breadcrumb"},"inLanguage":"fr-FR","potentialAction":[{"@type":"ReadAction","target":["https:\/\/www.rothgygax.ch\/fr\/caisse-de-pension-pour-les-salaries\/"]}]},{"@type":"ImageObject","inLanguage":"fr-FR","@id":"https:\/\/www.rothgygax.ch\/fr\/caisse-de-pension-pour-les-salaries\/#primaryimage","url":"https:\/\/www.rothgygax.ch\/wp-content\/uploads\/2025\/05\/Bild_aus_Skalpell_7.jpg","contentUrl":"https:\/\/www.rothgygax.ch\/wp-content\/uploads\/2025\/05\/Bild_aus_Skalpell_7.jpg","width":1200,"height":800,"caption":"Pensionskasse Mitarbeitende"},{"@type":"BreadcrumbList","@id":"https:\/\/www.rothgygax.ch\/fr\/caisse-de-pension-pour-les-salaries\/#breadcrumb","itemListElement":[{"@type":"ListItem","position":1,"name":"Startseite","item":"https:\/\/www.rothgygax.ch\/fr\/"},{"@type":"ListItem","position":2,"name":"Caisse de pension pour les salari\u00e9s"}]},{"@type":"WebSite","@id":"https:\/\/www.rothgygax.ch\/fr\/#website","url":"https:\/\/www.rothgygax.ch\/fr\/","name":"rothgygax","description":"Just another WordPress site","potentialAction":[{"@type":"SearchAction","target":{"@type":"EntryPoint","urlTemplate":"https:\/\/www.rothgygax.ch\/fr\/?s={search_term_string}"},"query-input":{"@type":"PropertyValueSpecification","valueRequired":true,"valueName":"search_term_string"}}],"inLanguage":"fr-FR"},{"@type":"Person","@id":"https:\/\/www.rothgygax.ch\/fr\/#\/schema\/person\/09df139e513c6debf849d412486f37f4","name":"Roger Ledermann","url":"https:\/\/www.rothgygax.ch\/fr\/author\/rothadmin\/"}]}},"_links":{"self":[{"href":"https:\/\/www.rothgygax.ch\/fr\/wp-json\/wp\/v2\/posts\/10707","targetHints":{"allow":["GET"]}}],"collection":[{"href":"https:\/\/www.rothgygax.ch\/fr\/wp-json\/wp\/v2\/posts"}],"about":[{"href":"https:\/\/www.rothgygax.ch\/fr\/wp-json\/wp\/v2\/types\/post"}],"author":[{"embeddable":true,"href":"https:\/\/www.rothgygax.ch\/fr\/wp-json\/wp\/v2\/users\/3"}],"replies":[{"embeddable":true,"href":"https:\/\/www.rothgygax.ch\/fr\/wp-json\/wp\/v2\/comments?post=10707"}],"version-history":[{"count":3,"href":"https:\/\/www.rothgygax.ch\/fr\/wp-json\/wp\/v2\/posts\/10707\/revisions"}],"predecessor-version":[{"id":10710,"href":"https:\/\/www.rothgygax.ch\/fr\/wp-json\/wp\/v2\/posts\/10707\/revisions\/10710"}],"wp:featuredmedia":[{"embeddable":true,"href":"https:\/\/www.rothgygax.ch\/fr\/wp-json\/wp\/v2\/media\/10666"}],"wp:attachment":[{"href":"https:\/\/www.rothgygax.ch\/fr\/wp-json\/wp\/v2\/media?parent=10707"}],"wp:term":[{"taxonomy":"category","embeddable":true,"href":"https:\/\/www.rothgygax.ch\/fr\/wp-json\/wp\/v2\/categories?post=10707"},{"taxonomy":"post_tag","embeddable":true,"href":"https:\/\/www.rothgygax.ch\/fr\/wp-json\/wp\/v2\/tags?post=10707"}],"curies":[{"name":"wp","href":"https:\/\/api.w.org\/{rel}","templated":true}]}}