{"id":10199,"date":"2023-11-14T13:01:07","date_gmt":"2023-11-14T13:01:07","guid":{"rendered":"https:\/\/www.rothgygax.ch\/?p=10199"},"modified":"2023-11-07T13:02:00","modified_gmt":"2023-11-07T13:02:00","slug":"reforme-avs-21-ce-quil-faut-savoir","status":"publish","type":"post","link":"https:\/\/www.rothgygax.ch\/fr\/reforme-avs-21-ce-quil-faut-savoir\/","title":{"rendered":"R\u00e9forme AVS 21 \u2013 ce qu&rsquo;il faut savoir"},"content":{"rendered":"<p>Le 25\u00a0septembre 2022, la population et les cantons ont adopt\u00e9 la r\u00e9forme AVS 21. Celle-ci entrera en vigueur le 1er janvier 2024. C\u2019est pourquoi les femmes de la g\u00e9n\u00e9ration de transition (n\u00e9es entre 1961 et 1969 inclus), en particulier, devraient se pencher rapidement sur les adaptations. Nous vous pr\u00e9sentons ci-dessous quelques aspects importants de la r\u00e9forme.<\/p>\n<h2>Uniformisation de l&rsquo;\u00e2ge de la retraite (\u00e2ge de r\u00e9f\u00e9rence) pour les femmes et les hommes \u00e0 65\u00a0ans<\/h2>\n<p>L&rsquo;\u00e2ge de r\u00e9f\u00e9rence des femmes sera progressivement augment\u00e9 de 3\u00a0mois par an. Cela se fera pour la premi\u00e8re fois en 2025 et concernera donc les femmes n\u00e9es en 1961 ou apr\u00e8s.<\/p>\n<table>\n<tbody>\n<tr>\n<td style=\"background-color: #bd0926;\" width=\"66\"><span style=\"color: #ffffff;\"><strong>Ann\u00e9e<\/strong><\/span><\/td>\n<td style=\"background-color: #bd0926;\" width=\"154\"><span style=\"color: #ffffff;\"><strong>\u00c2ge de r\u00e9f\u00e9rence des femmes<\/strong><\/span><\/td>\n<td style=\"background-color: #bd0926;\" width=\"120\"><span style=\"color: #ffffff;\"><strong>Ann\u00e9es de naissance concern\u00e9es<\/strong><\/span><\/td>\n<\/tr>\n<tr>\n<td width=\"66\">2025<\/td>\n<td width=\"154\">64\u00a0ans + 3\u00a0mois<\/td>\n<td width=\"120\">1961<\/td>\n<\/tr>\n<tr>\n<td width=\"66\">2026<\/td>\n<td width=\"154\">64\u00a0ans + 6\u00a0mois<\/td>\n<td width=\"120\">1962<\/td>\n<\/tr>\n<tr>\n<td width=\"66\">2027<\/td>\n<td width=\"154\">64\u00a0ans + 9\u00a0mois<\/td>\n<td width=\"120\">1963<\/td>\n<\/tr>\n<tr>\n<td width=\"66\">2028<\/td>\n<td width=\"154\">65\u00a0ans<\/td>\n<td width=\"120\">1964 et apr\u00e8s<\/td>\n<\/tr>\n<\/tbody>\n<\/table>\n<h2>Mesures compensatoires pour les femmes de la g\u00e9n\u00e9ration de transition<\/h2>\n<p>Les femmes proches de la retraite sont les plus touch\u00e9es par la r\u00e9forme. C\u2019est pourquoi deux mesures compensatoires ont \u00e9t\u00e9 d\u00e9cid\u00e9es pour la g\u00e9n\u00e9ration dite de transition, c&rsquo;est-\u00e0-dire les femmes n\u00e9es entre 1961 et 1969 inclus:<\/p>\n<ul>\n<li>Les femmes qui prennent leur retraite avant l\u2019\u00e2ge de r\u00e9f\u00e9rence b\u00e9n\u00e9ficient d\u2019une r\u00e9duction de retraite \u00e0 vie plus faible. Les femmes de la g\u00e9n\u00e9ration de transition peuvent en outre continuer \u00e0 percevoir leur retraite de mani\u00e8re anticip\u00e9e \u00e0 partir de 62\u00a0ans.<\/li>\n<li>Les femmes qui ne per\u00e7oivent pas leur retraite de mani\u00e8re anticip\u00e9e b\u00e9n\u00e9ficient d\u2019un compl\u00e9ment de retraite.<\/li>\n<\/ul>\n<p>Le montant des mesures de compensation d\u00e9pend \u00e0 chaque fois des revenus. Il existe au total trois cat\u00e9gories de revenu:<\/p>\n<ul>\n<li>Revenu inf\u00e9rieur \u00e0 58\u00a0801\u00a0CHF<\/li>\n<li>Revenu compris entre 58\u00a0801\u00a0CHF et 73\u00a0500\u00a0CHF<\/li>\n<li>Revenu sup\u00e9rieur \u00e0 73\u00a0500\u00a0CHF<\/li>\n<\/ul>\n<h3>Taux de r\u00e9duction<\/h3>\n<p>En cas de versement anticip\u00e9 de la retraite, les taux de r\u00e9duction suivants s&rsquo;appliquent:<\/p>\n<table>\n<tbody>\n<tr>\n<td style=\"background-color: #bd0926;\" width=\"104\"><strong><span style=\"color: #ffffff;\">Versement anticip\u00e9<\/span><\/strong><\/td>\n<td style=\"background-color: #bd0926;\" width=\"115\"><strong><span style=\"color: #ffffff;\">Revenu<\/span><\/strong><br \/>\n<strong><span style=\"color: #ffffff;\">&lt;\u00a058\u00a0801<\/span><\/strong><\/td>\n<td style=\"background-color: #bd0926;\" width=\"115\"><strong><span style=\"color: #ffffff;\">Revenu compris entre 58\u00a0801 et 73\u00a0500<\/span><\/strong><\/td>\n<td style=\"background-color: #bd0926;\" width=\"115\"><strong><span style=\"color: #ffffff;\">Revenu<\/span><\/strong><br \/>\n<strong><span style=\"color: #ffffff;\">&gt;\u00a073\u00a0500<\/span><\/strong><\/td>\n<\/tr>\n<tr>\n<td width=\"104\">1\u00a0an de versement anticip\u00e9<\/td>\n<td width=\"115\">0\u00a0%<\/td>\n<td width=\"115\">2,5\u00a0%<\/td>\n<td width=\"115\">3,5\u00a0%<\/td>\n<\/tr>\n<tr>\n<td width=\"104\">2\u00a0ans de versement anticip\u00e9<\/td>\n<td width=\"115\">2\u00a0%<\/td>\n<td width=\"115\">4,5\u00a0%<\/td>\n<td width=\"115\">6,5\u00a0%<\/td>\n<\/tr>\n<tr>\n<td width=\"104\">3\u00a0ans de versement anticip\u00e9<\/td>\n<td width=\"115\">3\u00a0%<\/td>\n<td width=\"115\">6,5\u00a0%<\/td>\n<td width=\"115\">10,5\u00a0%<\/td>\n<\/tr>\n<\/tbody>\n<\/table>\n<p>&nbsp;<\/p>\n<p>En r\u00e8gle g\u00e9n\u00e9rale, les retraites sont r\u00e9duites de 6,8\u00a0% pour un an de versement anticip\u00e9 ou de 13,6\u00a0% pour deux ans de versement anticip\u00e9. Il peut donc \u00eatre int\u00e9ressant pour la g\u00e9n\u00e9ration de transition de percevoir sa retraite de mani\u00e8re anticip\u00e9e.<\/p>\n<h3>Compl\u00e9ment de retraite<\/h3>\n<p>Si la retraite est per\u00e7ue au nouvel \u00e2ge de r\u00e9f\u00e9rence, les compl\u00e9ments de retraite suivants, payables \u00e0 vie, s&rsquo;appliquent:<\/p>\n<table>\n<tbody>\n<tr>\n<td style=\"border-color: #bd0926; background-color: #bd0926;\" width=\"66\"><span style=\"color: #ffffff;\"><strong>Ann\u00e9e de naissance<\/strong><\/span><\/td>\n<td style=\"border-color: #bd0926; background-color: #bd0926;\" width=\"115\"><span style=\"color: #ffffff;\"><strong>Revenu<\/strong><\/span><br \/>\n<span style=\"color: #ffffff;\"><strong>&lt;\u00a058\u00a0801<\/strong><\/span><\/td>\n<td style=\"border-color: #bd0926; background-color: #bd0926;\" width=\"115\"><span style=\"color: #ffffff;\"><strong>Revenu compris entre 58\u00a0801 et 73\u00a0500<\/strong><\/span><\/td>\n<td style=\"border-color: #bd0926; background-color: #bd0926;\" width=\"115\"><span style=\"color: #ffffff;\"><strong>Revenu<\/strong><\/span><br \/>\n<span style=\"color: #ffffff;\"><strong>&gt;\u00a073\u00a0500<\/strong><\/span><\/td>\n<\/tr>\n<tr>\n<td width=\"66\">1961<\/td>\n<td width=\"115\">40,00\u00a0CHF<\/td>\n<td width=\"115\">25,00\u00a0CHF<\/td>\n<td width=\"115\">12,50\u00a0CHF<\/td>\n<\/tr>\n<tr>\n<td width=\"66\">1962<\/td>\n<td width=\"115\">80,00\u00a0CHF<\/td>\n<td width=\"115\">50,00\u00a0CHF<\/td>\n<td width=\"115\">25,00\u00a0CHF<\/td>\n<\/tr>\n<tr>\n<td width=\"66\">1963<\/td>\n<td width=\"115\">120,00\u00a0CHF<\/td>\n<td width=\"115\">75,00\u00a0CHF<\/td>\n<td width=\"115\">37,50\u00a0CHF<\/td>\n<\/tr>\n<tr>\n<td width=\"66\">1964<\/td>\n<td width=\"115\">160,00\u00a0CHF<\/td>\n<td width=\"115\">100,00\u00a0CHF<\/td>\n<td width=\"115\">50,00\u00a0CHF<\/td>\n<\/tr>\n<tr>\n<td width=\"66\">1965<\/td>\n<td width=\"115\">160,00\u00a0CHF<\/td>\n<td width=\"115\">100,00\u00a0CHF<\/td>\n<td width=\"115\">50,00\u00a0CHF<\/td>\n<\/tr>\n<tr>\n<td width=\"66\">1966<\/td>\n<td width=\"115\">129,60\u00a0CHF<\/td>\n<td width=\"115\">81,00\u00a0CHF<\/td>\n<td width=\"115\">40,50\u00a0CHF<\/td>\n<\/tr>\n<tr>\n<td width=\"66\">1967<\/td>\n<td width=\"115\">100,80\u00a0CHF<\/td>\n<td width=\"115\">63,00\u00a0CHF<\/td>\n<td width=\"115\">31,50\u00a0CHF<\/td>\n<\/tr>\n<tr>\n<td width=\"66\">1968<\/td>\n<td width=\"115\">70,40\u00a0CHF<\/td>\n<td width=\"115\">44,00\u00a0CHF<\/td>\n<td width=\"115\">22,00\u00a0CHF<\/td>\n<\/tr>\n<tr>\n<td width=\"66\">1969<\/td>\n<td width=\"115\">40,00\u00a0CHF<\/td>\n<td width=\"115\">25,00\u00a0CHF<\/td>\n<td width=\"115\">12,50\u00a0CHF<\/td>\n<\/tr>\n<\/tbody>\n<\/table>\n<h2>Versement flexible de la retraite AVS<\/h2>\n<h3>Versement anticip\u00e9\/report<\/h3>\n<p>Jusqu\u2019\u00e0 pr\u00e9sent, la totalit\u00e9 de la retraite AVS ne pouvait \u00eatre per\u00e7ue qu&rsquo;un ou deux ans \u00e0 l&rsquo;avance. Avec la r\u00e9forme AVS 21, la retraite peut \u00eatre per\u00e7ue entre 63\u00a0ans (g\u00e9n\u00e9ration de transition 62) et 70\u00a0ans, \u00e0 partir de n\u2019importe quel mois. Il est \u00e9galement possible de percevoir une retraite partielle. Le montant minimal pour le versement anticip\u00e9 d&rsquo;une partie de la retraite est de 20\u00a0%, le montant maximal de 80\u00a0%. Il peut y avoir au maximum deux versements anticip\u00e9s, apr\u00e8s quoi la totalit\u00e9 de la retraite doit \u00eatre per\u00e7ue. Il en va de m\u00eame pour le report. Il peut y avoir au maximum deux versements partiels, apr\u00e8s quoi la part restante de la retraite doit \u00eatre int\u00e9gralement per\u00e7ue. Il est d\u00e9sormais \u00e9galement possible de combiner un versement anticip\u00e9 et un report.<\/p>\n<p>En outre, les taux de r\u00e9duction ou d\u2019augmentation ordinaires doivent \u00eatre adapt\u00e9s \u00e0 l\u2019esp\u00e9rance de vie actuelle. Le Conseil f\u00e9d\u00e9ral introduira toutefois ces tarifs au plus t\u00f4t en 2027 et ne les communiquera que peu de temps avant.<\/p>\n<h3>Nouveau calcul de la retraite selon l&rsquo;\u00e2ge de r\u00e9f\u00e9rence<\/h3>\n<p>Jusqu&rsquo;\u00e0 pr\u00e9sent, quiconque continuait \u00e0 travailler et \u00e0 cotiser apr\u00e8s l&rsquo;\u00e2ge de r\u00e9f\u00e9rence ne pouvait pas am\u00e9liorer sa retraite. D\u00e9sormais, les cotisations suppl\u00e9mentaires peuvent \u00eatre prises en compte dans le calcul. Les personnes qui travaillent au-del\u00e0 de l&rsquo;\u00e2ge de r\u00e9f\u00e9rence b\u00e9n\u00e9ficient d&rsquo;une allocation salariale de 1\u00a0400\u00a0CHF par mois, sur laquelle aucune cotisation AVS\/AI\/APG n&rsquo;est due. La personne exer\u00e7ant une activit\u00e9 professionnelle peut d\u00e9sormais d\u00e9cider elle-m\u00eame si elle souhaite b\u00e9n\u00e9ficier ou non de cette allocation. Les salari\u00e9s informent l&#8217;employeur de leur choix.<\/p>\n<p>Ces deux r\u00e9glementations peuvent \u00eatre tr\u00e8s int\u00e9ressantes, en particulier en cas d\u2019ann\u00e9es manquantes, par exemple si quelqu&rsquo;un a d\u00e9m\u00e9nag\u00e9 de l&rsquo;\u00e9tranger vers la Suisse. Les personnes qui per\u00e7oivent d\u00e9j\u00e0 une retraite selon l\u2019ancien droit et qui n\u2019auront pas encore atteint l\u2019\u00e2ge de 70\u00a0ans au 1er janvier 2024 peuvent \u00e9galement demander un nouveau calcul et faire prendre en compte leurs revenus et p\u00e9riodes de cotisation.<\/p>\n<h2>La r\u00e9forme AVS 21 a \u00e9galement un impact sur la LPP et le pilier 3a<\/h2>\n<h3>Caisse de retraite<\/h3>\n<p>Ici aussi, l&rsquo;\u00e2ge de la retraite des femmes (\u00e2ge de r\u00e9f\u00e9rence) est adapt\u00e9 de la m\u00eame mani\u00e8re que pour l&rsquo;AVS. En outre, les caisses de retraite doivent autoriser des versements partiels en 3\u00a0\u00e9tapes maximum (retraite\/capital). Le premier versement partiel doit correspondre \u00e0 au moins 20\u00a0% de la prestation de vieillesse.<\/p>\n<h3>Avoir de libre passage<\/h3>\n<p>Jusqu\u2019\u00e0 pr\u00e9sent, le versement de l\u2019avoir de libre passage pouvait \u00eatre report\u00e9 jusqu&rsquo;\u00e0 5\u00a0ans apr\u00e8s la date de d\u00e9part \u00e0 la retraite. D\u00e9sormais, cette r\u00e9glementation est align\u00e9e sur les dispositions relatives au pilier 3a. L\u00e0 aussi, un report de 5\u00a0ans est possible, mais uniquement si une activit\u00e9 professionnelle est encore exerc\u00e9e. Si aucune activit\u00e9 professionnelle n\u2019est exerc\u00e9e apr\u00e8s avoir atteint l\u2019\u00e2ge de r\u00e9f\u00e9rence, les avoirs de libre passage et du pilier 3a devront \u00eatre per\u00e7us. Le Conseil f\u00e9d\u00e9ral a d\u00e9cid\u00e9 d\u2019une p\u00e9riode transitoire de 5\u00a0ans pendant laquelle cette r\u00e9glementation ne s&rsquo;appliquera pas encore aux avoirs de libre passage.<\/p>\n<h3>Pilier 3a<\/h3>\n<p>Pour les femmes n\u00e9es en 1965 ou apr\u00e8s, le versement sera possible au plus t\u00f4t \u00e0 l\u2019\u00e2ge de 60\u00a0ans. Pour les femmes n\u00e9es en 1964, il existe une r\u00e9glementation sp\u00e9ciale pour 2024, de sorte qu\u2019un versement \u00e0 partir de 59\u00a0ans est encore possible.<\/p>\n<h2>Agissez d\u00e8s maintenant!<\/h2>\n<p>Informez-vous sur les nouvelles possibilit\u00e9s. Il existe des possibilit\u00e9s de planification passionnantes, en particulier si vous faites partie de la g\u00e9n\u00e9ration de transition. Nous sommes bien entendu \u00e0 votre disposition pour r\u00e9pondre \u00e0 toutes vos questions.<\/p>\n","protected":false},"excerpt":{"rendered":"<p>Le 25\u00a0septembre 2022, la population et les cantons ont adopt\u00e9 la r\u00e9forme AVS 21. Celle-ci entrera en vigueur le 1er janvier 2024. C\u2019est pourquoi les femmes de la g\u00e9n\u00e9ration de&#8230;<\/p>\n","protected":false},"author":3,"featured_media":10187,"comment_status":"closed","ping_status":"open","sticky":false,"template":"","format":"standard","meta":{"_acf_changed":false,"footnotes":""},"categories":[132,130,128],"tags":[],"class_list":["post-10199","post","type-post","status-publish","format-standard","has-post-thumbnail","hentry","category-planification-de-la-retraite","category-planification-financiere","category-prevoyance"],"acf":[],"yoast_head":"<!-- This site is optimized with the Yoast SEO Premium plugin v27.3 (Yoast SEO v27.3) - https:\/\/yoast.com\/product\/yoast-seo-premium-wordpress\/ -->\n<title>R\u00e9forme AVS 21 \u2013 ce qu&#039;il faut savoir - rothgygax<\/title>\n<meta name=\"robots\" content=\"index, follow, max-snippet:-1, max-image-preview:large, max-video-preview:-1\" \/>\n<link rel=\"canonical\" href=\"https:\/\/www.rothgygax.ch\/fr\/reforme-avs-21-ce-quil-faut-savoir\/\" \/>\n<meta property=\"og:locale\" content=\"fr_FR\" \/>\n<meta property=\"og:type\" content=\"article\" \/>\n<meta property=\"og:title\" content=\"R\u00e9forme AVS 21 \u2013 ce qu&#039;il faut savoir\" \/>\n<meta property=\"og:description\" content=\"Le 25\u00a0septembre 2022, la population et les cantons ont adopt\u00e9 la r\u00e9forme AVS 21. Celle-ci entrera en vigueur le 1er janvier 2024. C\u2019est pourquoi les femmes de la g\u00e9n\u00e9ration de...\" \/>\n<meta property=\"og:url\" content=\"https:\/\/www.rothgygax.ch\/fr\/reforme-avs-21-ce-quil-faut-savoir\/\" \/>\n<meta property=\"og:site_name\" content=\"rothgygax\" \/>\n<meta property=\"article:published_time\" content=\"2023-11-14T13:01:07+00:00\" \/>\n<meta property=\"og:image\" content=\"https:\/\/www.rothgygax.ch\/wp-content\/uploads\/2023\/11\/Skalpell_13_S8.jpg\" \/>\n\t<meta property=\"og:image:width\" content=\"1200\" \/>\n\t<meta property=\"og:image:height\" content=\"800\" \/>\n\t<meta property=\"og:image:type\" content=\"image\/jpeg\" \/>\n<meta name=\"author\" content=\"Roger Ledermann\" \/>\n<meta name=\"twitter:card\" content=\"summary_large_image\" \/>\n<meta name=\"twitter:label1\" content=\"\u00c9crit par\" \/>\n\t<meta name=\"twitter:data1\" content=\"Roger Ledermann\" \/>\n\t<meta name=\"twitter:label2\" content=\"Dur\u00e9e de lecture estim\u00e9e\" \/>\n\t<meta name=\"twitter:data2\" content=\"7 minutes\" \/>\n<script type=\"application\/ld+json\" class=\"yoast-schema-graph\">{\"@context\":\"https:\\\/\\\/schema.org\",\"@graph\":[{\"@type\":\"Article\",\"@id\":\"https:\\\/\\\/www.rothgygax.ch\\\/fr\\\/reforme-avs-21-ce-quil-faut-savoir\\\/#article\",\"isPartOf\":{\"@id\":\"https:\\\/\\\/www.rothgygax.ch\\\/fr\\\/reforme-avs-21-ce-quil-faut-savoir\\\/\"},\"author\":{\"name\":\"Roger Ledermann\",\"@id\":\"https:\\\/\\\/www.rothgygax.ch\\\/fr\\\/#\\\/schema\\\/person\\\/09df139e513c6debf849d412486f37f4\"},\"headline\":\"R\u00e9forme AVS 21 \u2013 ce qu&rsquo;il faut savoir\",\"datePublished\":\"2023-11-14T13:01:07+00:00\",\"mainEntityOfPage\":{\"@id\":\"https:\\\/\\\/www.rothgygax.ch\\\/fr\\\/reforme-avs-21-ce-quil-faut-savoir\\\/\"},\"wordCount\":1143,\"image\":{\"@id\":\"https:\\\/\\\/www.rothgygax.ch\\\/fr\\\/reforme-avs-21-ce-quil-faut-savoir\\\/#primaryimage\"},\"thumbnailUrl\":\"https:\\\/\\\/www.rothgygax.ch\\\/wp-content\\\/uploads\\\/2023\\\/11\\\/Skalpell_13_S8.jpg\",\"articleSection\":[\"Planification de la retraite\",\"Planification financi\u00e8re\",\"Pr\u00e9voyance\"],\"inLanguage\":\"fr-FR\"},{\"@type\":\"WebPage\",\"@id\":\"https:\\\/\\\/www.rothgygax.ch\\\/fr\\\/reforme-avs-21-ce-quil-faut-savoir\\\/\",\"url\":\"https:\\\/\\\/www.rothgygax.ch\\\/fr\\\/reforme-avs-21-ce-quil-faut-savoir\\\/\",\"name\":\"R\u00e9forme AVS 21 \u2013 ce qu'il faut savoir - rothgygax\",\"isPartOf\":{\"@id\":\"https:\\\/\\\/www.rothgygax.ch\\\/fr\\\/#website\"},\"primaryImageOfPage\":{\"@id\":\"https:\\\/\\\/www.rothgygax.ch\\\/fr\\\/reforme-avs-21-ce-quil-faut-savoir\\\/#primaryimage\"},\"image\":{\"@id\":\"https:\\\/\\\/www.rothgygax.ch\\\/fr\\\/reforme-avs-21-ce-quil-faut-savoir\\\/#primaryimage\"},\"thumbnailUrl\":\"https:\\\/\\\/www.rothgygax.ch\\\/wp-content\\\/uploads\\\/2023\\\/11\\\/Skalpell_13_S8.jpg\",\"datePublished\":\"2023-11-14T13:01:07+00:00\",\"author\":{\"@id\":\"https:\\\/\\\/www.rothgygax.ch\\\/fr\\\/#\\\/schema\\\/person\\\/09df139e513c6debf849d412486f37f4\"},\"breadcrumb\":{\"@id\":\"https:\\\/\\\/www.rothgygax.ch\\\/fr\\\/reforme-avs-21-ce-quil-faut-savoir\\\/#breadcrumb\"},\"inLanguage\":\"fr-FR\",\"potentialAction\":[{\"@type\":\"ReadAction\",\"target\":[\"https:\\\/\\\/www.rothgygax.ch\\\/fr\\\/reforme-avs-21-ce-quil-faut-savoir\\\/\"]}]},{\"@type\":\"ImageObject\",\"inLanguage\":\"fr-FR\",\"@id\":\"https:\\\/\\\/www.rothgygax.ch\\\/fr\\\/reforme-avs-21-ce-quil-faut-savoir\\\/#primaryimage\",\"url\":\"https:\\\/\\\/www.rothgygax.ch\\\/wp-content\\\/uploads\\\/2023\\\/11\\\/Skalpell_13_S8.jpg\",\"contentUrl\":\"https:\\\/\\\/www.rothgygax.ch\\\/wp-content\\\/uploads\\\/2023\\\/11\\\/Skalpell_13_S8.jpg\",\"width\":1200,\"height\":800,\"caption\":\"AHV-Revision\"},{\"@type\":\"BreadcrumbList\",\"@id\":\"https:\\\/\\\/www.rothgygax.ch\\\/fr\\\/reforme-avs-21-ce-quil-faut-savoir\\\/#breadcrumb\",\"itemListElement\":[{\"@type\":\"ListItem\",\"position\":1,\"name\":\"Startseite\",\"item\":\"https:\\\/\\\/www.rothgygax.ch\\\/fr\\\/\"},{\"@type\":\"ListItem\",\"position\":2,\"name\":\"R\u00e9forme AVS 21 \u2013 ce qu&#8217;il faut savoir\"}]},{\"@type\":\"WebSite\",\"@id\":\"https:\\\/\\\/www.rothgygax.ch\\\/fr\\\/#website\",\"url\":\"https:\\\/\\\/www.rothgygax.ch\\\/fr\\\/\",\"name\":\"rothgygax\",\"description\":\"Just another WordPress site\",\"potentialAction\":[{\"@type\":\"SearchAction\",\"target\":{\"@type\":\"EntryPoint\",\"urlTemplate\":\"https:\\\/\\\/www.rothgygax.ch\\\/fr\\\/?s={search_term_string}\"},\"query-input\":{\"@type\":\"PropertyValueSpecification\",\"valueRequired\":true,\"valueName\":\"search_term_string\"}}],\"inLanguage\":\"fr-FR\"},{\"@type\":\"Person\",\"@id\":\"https:\\\/\\\/www.rothgygax.ch\\\/fr\\\/#\\\/schema\\\/person\\\/09df139e513c6debf849d412486f37f4\",\"name\":\"Roger Ledermann\",\"url\":\"https:\\\/\\\/www.rothgygax.ch\\\/fr\\\/author\\\/rothadmin\\\/\"}]}<\/script>\n<!-- \/ Yoast SEO Premium plugin. -->","yoast_head_json":{"title":"R\u00e9forme AVS 21 \u2013 ce qu'il faut savoir - rothgygax","robots":{"index":"index","follow":"follow","max-snippet":"max-snippet:-1","max-image-preview":"max-image-preview:large","max-video-preview":"max-video-preview:-1"},"canonical":"https:\/\/www.rothgygax.ch\/fr\/reforme-avs-21-ce-quil-faut-savoir\/","og_locale":"fr_FR","og_type":"article","og_title":"R\u00e9forme AVS 21 \u2013 ce qu'il faut savoir","og_description":"Le 25\u00a0septembre 2022, la population et les cantons ont adopt\u00e9 la r\u00e9forme AVS 21. Celle-ci entrera en vigueur le 1er janvier 2024. C\u2019est pourquoi les femmes de la g\u00e9n\u00e9ration de...","og_url":"https:\/\/www.rothgygax.ch\/fr\/reforme-avs-21-ce-quil-faut-savoir\/","og_site_name":"rothgygax","article_published_time":"2023-11-14T13:01:07+00:00","og_image":[{"width":1200,"height":800,"url":"https:\/\/www.rothgygax.ch\/wp-content\/uploads\/2023\/11\/Skalpell_13_S8.jpg","type":"image\/jpeg"}],"author":"Roger Ledermann","twitter_card":"summary_large_image","twitter_misc":{"\u00c9crit par":"Roger Ledermann","Dur\u00e9e de lecture estim\u00e9e":"7 minutes"},"schema":{"@context":"https:\/\/schema.org","@graph":[{"@type":"Article","@id":"https:\/\/www.rothgygax.ch\/fr\/reforme-avs-21-ce-quil-faut-savoir\/#article","isPartOf":{"@id":"https:\/\/www.rothgygax.ch\/fr\/reforme-avs-21-ce-quil-faut-savoir\/"},"author":{"name":"Roger Ledermann","@id":"https:\/\/www.rothgygax.ch\/fr\/#\/schema\/person\/09df139e513c6debf849d412486f37f4"},"headline":"R\u00e9forme AVS 21 \u2013 ce qu&rsquo;il faut savoir","datePublished":"2023-11-14T13:01:07+00:00","mainEntityOfPage":{"@id":"https:\/\/www.rothgygax.ch\/fr\/reforme-avs-21-ce-quil-faut-savoir\/"},"wordCount":1143,"image":{"@id":"https:\/\/www.rothgygax.ch\/fr\/reforme-avs-21-ce-quil-faut-savoir\/#primaryimage"},"thumbnailUrl":"https:\/\/www.rothgygax.ch\/wp-content\/uploads\/2023\/11\/Skalpell_13_S8.jpg","articleSection":["Planification de la retraite","Planification financi\u00e8re","Pr\u00e9voyance"],"inLanguage":"fr-FR"},{"@type":"WebPage","@id":"https:\/\/www.rothgygax.ch\/fr\/reforme-avs-21-ce-quil-faut-savoir\/","url":"https:\/\/www.rothgygax.ch\/fr\/reforme-avs-21-ce-quil-faut-savoir\/","name":"R\u00e9forme AVS 21 \u2013 ce qu'il faut savoir - rothgygax","isPartOf":{"@id":"https:\/\/www.rothgygax.ch\/fr\/#website"},"primaryImageOfPage":{"@id":"https:\/\/www.rothgygax.ch\/fr\/reforme-avs-21-ce-quil-faut-savoir\/#primaryimage"},"image":{"@id":"https:\/\/www.rothgygax.ch\/fr\/reforme-avs-21-ce-quil-faut-savoir\/#primaryimage"},"thumbnailUrl":"https:\/\/www.rothgygax.ch\/wp-content\/uploads\/2023\/11\/Skalpell_13_S8.jpg","datePublished":"2023-11-14T13:01:07+00:00","author":{"@id":"https:\/\/www.rothgygax.ch\/fr\/#\/schema\/person\/09df139e513c6debf849d412486f37f4"},"breadcrumb":{"@id":"https:\/\/www.rothgygax.ch\/fr\/reforme-avs-21-ce-quil-faut-savoir\/#breadcrumb"},"inLanguage":"fr-FR","potentialAction":[{"@type":"ReadAction","target":["https:\/\/www.rothgygax.ch\/fr\/reforme-avs-21-ce-quil-faut-savoir\/"]}]},{"@type":"ImageObject","inLanguage":"fr-FR","@id":"https:\/\/www.rothgygax.ch\/fr\/reforme-avs-21-ce-quil-faut-savoir\/#primaryimage","url":"https:\/\/www.rothgygax.ch\/wp-content\/uploads\/2023\/11\/Skalpell_13_S8.jpg","contentUrl":"https:\/\/www.rothgygax.ch\/wp-content\/uploads\/2023\/11\/Skalpell_13_S8.jpg","width":1200,"height":800,"caption":"AHV-Revision"},{"@type":"BreadcrumbList","@id":"https:\/\/www.rothgygax.ch\/fr\/reforme-avs-21-ce-quil-faut-savoir\/#breadcrumb","itemListElement":[{"@type":"ListItem","position":1,"name":"Startseite","item":"https:\/\/www.rothgygax.ch\/fr\/"},{"@type":"ListItem","position":2,"name":"R\u00e9forme AVS 21 \u2013 ce qu&#8217;il faut savoir"}]},{"@type":"WebSite","@id":"https:\/\/www.rothgygax.ch\/fr\/#website","url":"https:\/\/www.rothgygax.ch\/fr\/","name":"rothgygax","description":"Just another WordPress site","potentialAction":[{"@type":"SearchAction","target":{"@type":"EntryPoint","urlTemplate":"https:\/\/www.rothgygax.ch\/fr\/?s={search_term_string}"},"query-input":{"@type":"PropertyValueSpecification","valueRequired":true,"valueName":"search_term_string"}}],"inLanguage":"fr-FR"},{"@type":"Person","@id":"https:\/\/www.rothgygax.ch\/fr\/#\/schema\/person\/09df139e513c6debf849d412486f37f4","name":"Roger Ledermann","url":"https:\/\/www.rothgygax.ch\/fr\/author\/rothadmin\/"}]}},"_links":{"self":[{"href":"https:\/\/www.rothgygax.ch\/fr\/wp-json\/wp\/v2\/posts\/10199","targetHints":{"allow":["GET"]}}],"collection":[{"href":"https:\/\/www.rothgygax.ch\/fr\/wp-json\/wp\/v2\/posts"}],"about":[{"href":"https:\/\/www.rothgygax.ch\/fr\/wp-json\/wp\/v2\/types\/post"}],"author":[{"embeddable":true,"href":"https:\/\/www.rothgygax.ch\/fr\/wp-json\/wp\/v2\/users\/3"}],"replies":[{"embeddable":true,"href":"https:\/\/www.rothgygax.ch\/fr\/wp-json\/wp\/v2\/comments?post=10199"}],"version-history":[{"count":2,"href":"https:\/\/www.rothgygax.ch\/fr\/wp-json\/wp\/v2\/posts\/10199\/revisions"}],"predecessor-version":[{"id":10201,"href":"https:\/\/www.rothgygax.ch\/fr\/wp-json\/wp\/v2\/posts\/10199\/revisions\/10201"}],"wp:featuredmedia":[{"embeddable":true,"href":"https:\/\/www.rothgygax.ch\/fr\/wp-json\/wp\/v2\/media\/10187"}],"wp:attachment":[{"href":"https:\/\/www.rothgygax.ch\/fr\/wp-json\/wp\/v2\/media?parent=10199"}],"wp:term":[{"taxonomy":"category","embeddable":true,"href":"https:\/\/www.rothgygax.ch\/fr\/wp-json\/wp\/v2\/categories?post=10199"},{"taxonomy":"post_tag","embeddable":true,"href":"https:\/\/www.rothgygax.ch\/fr\/wp-json\/wp\/v2\/tags?post=10199"}],"curies":[{"name":"wp","href":"https:\/\/api.w.org\/{rel}","templated":true}]}}